{"id":2897,"date":"2025-11-24T09:46:48","date_gmt":"2025-11-24T08:46:48","guid":{"rendered":"https:\/\/osonakas.edu.ba\/?p=2897"},"modified":"2025-12-23T09:26:33","modified_gmt":"2025-12-23T08:26:33","slug":"obavjestenje-za-utorak-25-11-2025-godine","status":"publish","type":"post","link":"https:\/\/osonakas.edu.ba\/?p=2897","title":{"rendered":"Obavje\u0161tenje za srijedu i \u010detvrtak"},"content":{"rendered":"<p><strong>Po\u0161tovani u\u010denici, roditelji i uposlenici,<\/strong><\/p>\n<p>Obavje\u0161tavamo vas da u skladu sa \u0160kolskim kalendarom, <strong>srijeda 24.12.2025. godine nastava \u0107e biti realizovana po rasporedu od \u010detvrtka<\/strong>. U \u010detvrtak 25.12.2025. godine se obilje\u017eava vjerski praznik, Bo\u017ei\u0107, te je taj dan nenastavni. Redovne aktivnosti se nastavljaju u petak, 26.12.2025. godine. Rad produ\u017eenog boravka \u0107e se odvijati po redovnom rasporedu.<\/p>\n<p>Svima koji obilje\u017eavaju ovaj vjerski praznik \u017eelimo\u00a0 da ga provedete u duhu zajedni\u0161tva i po\u0161tovanja.<\/p>\n<p>Srda\u010dan pozdrav,<br \/>\n<em>Kolektiv JU O\u0160 &#8220;Osman Naka\u0161&#8221;<\/em><\/p>\n","protected":false},"excerpt":{"rendered":"<p>Po\u0161tovani u\u010denici, roditelji i uposlenici, Obavje\u0161tavamo vas da u skladu sa \u0160kolskim kalendarom, srijeda 24.12.2025. godine nastava \u0107e biti realizovana po rasporedu od \u010detvrtka.<\/p>\n","protected":false},"author":2,"featured_media":172,"comment_status":"closed","ping_status":"closed","sticky":false,"template":"","format":"standard","meta":[],"categories":[1],"tags":[],"yoast_head":"<!-- This site is optimized with the Yoast SEO plugin v17.3 - https:\/\/yoast.com\/wordpress\/plugins\/seo\/ -->\n<title>Obavje\u0161tenje za srijedu i \u010detvrtak - Osnovna \u0161kola &quot;Osman Naka\u0161&quot;<\/title>\n<meta name=\"robots\" content=\"index, follow, max-snippet:-1, max-image-preview:large, max-video-preview:-1\" \/>\n<link rel=\"canonical\" href=\"https:\/\/osonakas.edu.ba\/?p=2897\" \/>\n<meta property=\"og:locale\" content=\"bs_BA\" \/>\n<meta property=\"og:type\" content=\"article\" \/>\n<meta property=\"og:title\" content=\"Obavje\u0161tenje za srijedu i \u010detvrtak - Osnovna \u0161kola &quot;Osman Naka\u0161&quot;\" \/>\n<meta property=\"og:description\" content=\"Po\u0161tovani u\u010denici, roditelji i uposlenici, Obavje\u0161tavamo vas da u skladu sa \u0160kolskim kalendarom, srijeda 24.12.2025. godine nastava \u0107e biti realizovana po rasporedu od \u010detvrtka.\" \/>\n<meta property=\"og:url\" content=\"https:\/\/osonakas.edu.ba\/?p=2897\" \/>\n<meta property=\"og:site_name\" content=\"Osnovna \u0161kola &quot;Osman Naka\u0161&quot;\" \/>\n<meta property=\"article:published_time\" content=\"2025-11-24T08:46:48+00:00\" \/>\n<meta property=\"article:modified_time\" content=\"2025-12-23T08:26:33+00:00\" \/>\n<meta property=\"og:image\" content=\"https:\/\/osonakas.edu.ba\/wp-content\/uploads\/2020\/12\/OBAVJESTENJA.jpg\" \/>\n\t<meta property=\"og:image:width\" content=\"640\" \/>\n\t<meta property=\"og:image:height\" content=\"399\" \/>\n<meta name=\"twitter:card\" content=\"summary_large_image\" \/>\n<meta name=\"twitter:label1\" content=\"Written by\" \/>\n\t<meta name=\"twitter:data1\" content=\"Edin\" \/>\n\t<meta name=\"twitter:label2\" content=\"Est. reading time\" \/>\n\t<meta name=\"twitter:data2\" content=\"1 minuta\" \/>\n<script type=\"application\/ld+json\" class=\"yoast-schema-graph\">{\"@context\":\"https:\/\/schema.org\",\"@graph\":[{\"@type\":\"WebSite\",\"@id\":\"https:\/\/osonakas.edu.ba\/#website\",\"url\":\"https:\/\/osonakas.edu.ba\/\",\"name\":\"Osnovna \\u0161kola &quot;Osman Naka\\u0161&quot;\",\"description\":\"Ne u\\u010dimo za \\u0161kolu, nego za \\u017eivot.\",\"potentialAction\":[{\"@type\":\"SearchAction\",\"target\":{\"@type\":\"EntryPoint\",\"urlTemplate\":\"https:\/\/osonakas.edu.ba\/?s={search_term_string}\"},\"query-input\":\"required name=search_term_string\"}],\"inLanguage\":\"bs-BA\"},{\"@type\":\"ImageObject\",\"@id\":\"https:\/\/osonakas.edu.ba\/?p=2897#primaryimage\",\"inLanguage\":\"bs-BA\",\"url\":\"https:\/\/osonakas.edu.ba\/wp-content\/uploads\/2020\/12\/OBAVJESTENJA.jpg\",\"contentUrl\":\"https:\/\/osonakas.edu.ba\/wp-content\/uploads\/2020\/12\/OBAVJESTENJA.jpg\",\"width\":640,\"height\":399},{\"@type\":\"WebPage\",\"@id\":\"https:\/\/osonakas.edu.ba\/?p=2897#webpage\",\"url\":\"https:\/\/osonakas.edu.ba\/?p=2897\",\"name\":\"Obavje\\u0161tenje za srijedu i \\u010detvrtak - Osnovna \\u0161kola &quot;Osman Naka\\u0161&quot;\",\"isPartOf\":{\"@id\":\"https:\/\/osonakas.edu.ba\/#website\"},\"primaryImageOfPage\":{\"@id\":\"https:\/\/osonakas.edu.ba\/?p=2897#primaryimage\"},\"datePublished\":\"2025-11-24T08:46:48+00:00\",\"dateModified\":\"2025-12-23T08:26:33+00:00\",\"author\":{\"@id\":\"https:\/\/osonakas.edu.ba\/#\/schema\/person\/c97d8a9634b11421b1684fd4226ee46d\"},\"breadcrumb\":{\"@id\":\"https:\/\/osonakas.edu.ba\/?p=2897#breadcrumb\"},\"inLanguage\":\"bs-BA\",\"potentialAction\":[{\"@type\":\"ReadAction\",\"target\":[\"https:\/\/osonakas.edu.ba\/?p=2897\"]}]},{\"@type\":\"BreadcrumbList\",\"@id\":\"https:\/\/osonakas.edu.ba\/?p=2897#breadcrumb\",\"itemListElement\":[{\"@type\":\"ListItem\",\"position\":1,\"name\":\"Dom\",\"item\":\"https:\/\/osonakas.edu.ba\/\"},{\"@type\":\"ListItem\",\"position\":2,\"name\":\"Obavje\\u0161tenje za srijedu i \\u010detvrtak\"}]},{\"@type\":\"Person\",\"@id\":\"https:\/\/osonakas.edu.ba\/#\/schema\/person\/c97d8a9634b11421b1684fd4226ee46d\",\"name\":\"Edin\",\"image\":{\"@type\":\"ImageObject\",\"@id\":\"https:\/\/osonakas.edu.ba\/#personlogo\",\"inLanguage\":\"bs-BA\",\"url\":\"https:\/\/osonakas.edu.ba\/wp-content\/uploads\/2020\/12\/Logo-skole-1-150x150.jpg\",\"contentUrl\":\"https:\/\/osonakas.edu.ba\/wp-content\/uploads\/2020\/12\/Logo-skole-1-150x150.jpg\",\"caption\":\"Edin\"},\"url\":\"https:\/\/osonakas.edu.ba\/?author=2\"}]}<\/script>\n<!-- \/ Yoast SEO plugin. -->","yoast_head_json":{"title":"Obavje\u0161tenje za srijedu i \u010detvrtak - Osnovna \u0161kola &quot;Osman Naka\u0161&quot;","robots":{"index":"index","follow":"follow","max-snippet":"max-snippet:-1","max-image-preview":"max-image-preview:large","max-video-preview":"max-video-preview:-1"},"canonical":"https:\/\/osonakas.edu.ba\/?p=2897","og_locale":"bs_BA","og_type":"article","og_title":"Obavje\u0161tenje za srijedu i \u010detvrtak - Osnovna \u0161kola &quot;Osman Naka\u0161&quot;","og_description":"Po\u0161tovani u\u010denici, roditelji i uposlenici, Obavje\u0161tavamo vas da u skladu sa \u0160kolskim kalendarom, srijeda 24.12.2025. godine nastava \u0107e biti realizovana po rasporedu od \u010detvrtka.","og_url":"https:\/\/osonakas.edu.ba\/?p=2897","og_site_name":"Osnovna \u0161kola &quot;Osman Naka\u0161&quot;","article_published_time":"2025-11-24T08:46:48+00:00","article_modified_time":"2025-12-23T08:26:33+00:00","og_image":[{"width":640,"height":399,"url":"https:\/\/osonakas.edu.ba\/wp-content\/uploads\/2020\/12\/OBAVJESTENJA.jpg","type":"image\/jpeg"}],"twitter_card":"summary_large_image","twitter_misc":{"Written by":"Edin","Est. reading time":"1 minuta"},"schema":{"@context":"https:\/\/schema.org","@graph":[{"@type":"WebSite","@id":"https:\/\/osonakas.edu.ba\/#website","url":"https:\/\/osonakas.edu.ba\/","name":"Osnovna \u0161kola &quot;Osman Naka\u0161&quot;","description":"Ne u\u010dimo za \u0161kolu, nego za \u017eivot.","potentialAction":[{"@type":"SearchAction","target":{"@type":"EntryPoint","urlTemplate":"https:\/\/osonakas.edu.ba\/?s={search_term_string}"},"query-input":"required name=search_term_string"}],"inLanguage":"bs-BA"},{"@type":"ImageObject","@id":"https:\/\/osonakas.edu.ba\/?p=2897#primaryimage","inLanguage":"bs-BA","url":"https:\/\/osonakas.edu.ba\/wp-content\/uploads\/2020\/12\/OBAVJESTENJA.jpg","contentUrl":"https:\/\/osonakas.edu.ba\/wp-content\/uploads\/2020\/12\/OBAVJESTENJA.jpg","width":640,"height":399},{"@type":"WebPage","@id":"https:\/\/osonakas.edu.ba\/?p=2897#webpage","url":"https:\/\/osonakas.edu.ba\/?p=2897","name":"Obavje\u0161tenje za srijedu i \u010detvrtak - Osnovna \u0161kola &quot;Osman Naka\u0161&quot;","isPartOf":{"@id":"https:\/\/osonakas.edu.ba\/#website"},"primaryImageOfPage":{"@id":"https:\/\/osonakas.edu.ba\/?p=2897#primaryimage"},"datePublished":"2025-11-24T08:46:48+00:00","dateModified":"2025-12-23T08:26:33+00:00","author":{"@id":"https:\/\/osonakas.edu.ba\/#\/schema\/person\/c97d8a9634b11421b1684fd4226ee46d"},"breadcrumb":{"@id":"https:\/\/osonakas.edu.ba\/?p=2897#breadcrumb"},"inLanguage":"bs-BA","potentialAction":[{"@type":"ReadAction","target":["https:\/\/osonakas.edu.ba\/?p=2897"]}]},{"@type":"BreadcrumbList","@id":"https:\/\/osonakas.edu.ba\/?p=2897#breadcrumb","itemListElement":[{"@type":"ListItem","position":1,"name":"Dom","item":"https:\/\/osonakas.edu.ba\/"},{"@type":"ListItem","position":2,"name":"Obavje\u0161tenje za srijedu i \u010detvrtak"}]},{"@type":"Person","@id":"https:\/\/osonakas.edu.ba\/#\/schema\/person\/c97d8a9634b11421b1684fd4226ee46d","name":"Edin","image":{"@type":"ImageObject","@id":"https:\/\/osonakas.edu.ba\/#personlogo","inLanguage":"bs-BA","url":"https:\/\/osonakas.edu.ba\/wp-content\/uploads\/2020\/12\/Logo-skole-1-150x150.jpg","contentUrl":"https:\/\/osonakas.edu.ba\/wp-content\/uploads\/2020\/12\/Logo-skole-1-150x150.jpg","caption":"Edin"},"url":"https:\/\/osonakas.edu.ba\/?author=2"}]}},"_links":{"self":[{"href":"https:\/\/osonakas.edu.ba\/index.php?rest_route=\/wp\/v2\/posts\/2897"}],"collection":[{"href":"https:\/\/osonakas.edu.ba\/index.php?rest_route=\/wp\/v2\/posts"}],"about":[{"href":"https:\/\/osonakas.edu.ba\/index.php?rest_route=\/wp\/v2\/types\/post"}],"author":[{"embeddable":true,"href":"https:\/\/osonakas.edu.ba\/index.php?rest_route=\/wp\/v2\/users\/2"}],"replies":[{"embeddable":true,"href":"https:\/\/osonakas.edu.ba\/index.php?rest_route=%2Fwp%2Fv2%2Fcomments&post=2897"}],"version-history":[{"count":3,"href":"https:\/\/osonakas.edu.ba\/index.php?rest_route=\/wp\/v2\/posts\/2897\/revisions"}],"predecessor-version":[{"id":2919,"href":"https:\/\/osonakas.edu.ba\/index.php?rest_route=\/wp\/v2\/posts\/2897\/revisions\/2919"}],"wp:featuredmedia":[{"embeddable":true,"href":"https:\/\/osonakas.edu.ba\/index.php?rest_route=\/wp\/v2\/media\/172"}],"wp:attachment":[{"href":"https:\/\/osonakas.edu.ba\/index.php?rest_route=%2Fwp%2Fv2%2Fmedia&parent=2897"}],"wp:term":[{"taxonomy":"category","embeddable":true,"href":"https:\/\/osonakas.edu.ba\/index.php?rest_route=%2Fwp%2Fv2%2Fcategories&post=2897"},{"taxonomy":"post_tag","embeddable":true,"href":"https:\/\/osonakas.edu.ba\/index.php?rest_route=%2Fwp%2Fv2%2Ftags&post=2897"}],"curies":[{"name":"wp","href":"https:\/\/api.w.org\/{rel}","templated":true}]}}