{"id":2806,"date":"2025-05-15T09:01:28","date_gmt":"2025-05-15T07:01:28","guid":{"rendered":"https:\/\/osonakas.edu.ba\/?p=2806"},"modified":"2025-06-10T11:20:54","modified_gmt":"2025-06-10T09:20:54","slug":"osnovna-skola-osman-nakas-obiljezila-je-prigodnim-programom-trideset-godina-od-genocida-u-srebrenici","status":"publish","type":"post","link":"https:\/\/osonakas.edu.ba\/?p=2806","title":{"rendered":"Osnovna \u0161kola \u201eOsman Naka\u0161\u201c obilje\u017eila je prigodnim programom trideset godina  od genocida u Srebrenici"},"content":{"rendered":"<p>U Osnovnoj \u0161koli \u201eOsman Naka\u0161\u201c prigodnim programom obilje\u017eena je tridesetogodi\u0161njica od genocida u Srebrenici. Koriste\u0107i datum 9. maj, Dan pobjede nad fa\u0161izmom, dan kada se obilje\u017eava i Dan Evrope, \u017eeljeli smo da jasno, glasno i dostojanstveno govorimo u ime vi\u0161e od osam hiljada nevino ubijenih u julu 1995. godine u Srebrenici, ali i da podsjetimo na stradanja u Gazi kada svjedo\u010dimo kako\u00a0 se sada u Gazi \u017eivoti gase, kako se domovi ru\u0161e, a pravde nema.<\/p>\n<p>Obilje\u017eavanje je zapo\u010delo intoniranjem himne BiH. Prisutnima se obratio direkor \u0161kole Edin \u0110edovi\u0107, a program se\u00a0 nastavio se obra\u0107anjem prisutnih (pomo\u0107nik federalne ministrice obrazovanja i nauke Marko Antonio Brki\u0107, direktor Arhiva FBiH Hajrudin \u0106uprija, Hasan Nuhanovi\u0107, pisac i publicista, srebreni\u010dka majka Ramiza Gurdi\u0107). Pristuni su pogledali i film \u201eUnderground \u2013 Pod zemljom\u201c.<\/p>\n<p>Na kraju, ali i najva\u017enije, u\u010denici su svojim kulturno-umjetni\u010dkim programom poslali sna\u017enu poruku kroz stihove, kroz glumu, kroz pjesmu da njegujemo ono \u0161to je najva\u017enije, istinu, suosje\u0107anje, ljubav, mir&#8230;<\/p>\n<p>Otvorena je i izlo\u017eba \u201eUnderground \u2013 pod zemljom\u201c koju je pripremio Arhiv Federacije BiH.<\/p>\n<p>Pored ove izlo\u017ebe, uprili\u010dena je i\u00a0 izlo\u017eba u\u010deni\u010dkih radova \u201eSrebrenica u mom srcu\u201c, a obje \u0107e ove izlo\u017ebe u \u0161koli biti otvorene do srijede,\u00a0 14. 5. 2025. godine, a istu \u0107e imati priliku pogledati i u\u010denici osnovnih \u0161kola u Kantonu Sarajevo.<\/p>\n<p><iframe title=\"30 godina od genocida u Srebrenici\" width=\"640\" height=\"360\" src=\"https:\/\/www.youtube.com\/embed\/hmeXwXBpHyw?feature=oembed\" frameborder=\"0\" allow=\"accelerometer; autoplay; clipboard-write; encrypted-media; gyroscope; picture-in-picture; web-share\" referrerpolicy=\"strict-origin-when-cross-origin\" allowfullscreen><\/iframe><\/p>\n<p><a href=\"https:\/\/www.oslobodjenje.ba\/vijesti\/bih\/u-os-osman-nakas-obiljezeno-30-godina-od-genocida-u-srebrenici-1042859\/?fbclid=IwY2xjawKSenhleHRuA2FlbQIxMQBicmlkETFrd2JXdE1FMDVIRVozcmZEAR6N6XvT6PINm8dwxjTMbi_f9MYQWVyyRxe8BrC-PoSpxpCXViO635fORUd90g_aem_F3JRXeEXPnSrqu7SDffYog\">Oslobo\u0111enje.ba<\/a><\/p>\n<p><iframe title=\"Underground JU O\u0160 Osman Naka\u0161 09 05 2025\" width=\"640\" height=\"360\" src=\"https:\/\/www.youtube.com\/embed\/3Ub3pjZgddo?feature=oembed\" frameborder=\"0\" allow=\"accelerometer; autoplay; clipboard-write; encrypted-media; gyroscope; picture-in-picture; web-share\" referrerpolicy=\"strict-origin-when-cross-origin\" allowfullscreen><\/iframe><\/p>\n<p>&nbsp;<\/p>\n","protected":false},"excerpt":{"rendered":"<p>U Osnovnoj \u0161koli \u201eOsman Naka\u0161\u201c prigodnim programom obilje\u017eena je tridesetogodi\u0161njica od genocida u Srebrenici. Koriste\u0107i datum 9. maj, Dan pobjede nad fa\u0161izmom, dan kada<\/p>\n","protected":false},"author":2,"featured_media":2811,"comment_status":"closed","ping_status":"closed","sticky":false,"template":"","format":"standard","meta":[],"categories":[1],"tags":[],"yoast_head":"<!-- This site is optimized with the Yoast SEO plugin v17.3 - https:\/\/yoast.com\/wordpress\/plugins\/seo\/ -->\n<title>Osnovna \u0161kola \u201eOsman Naka\u0161\u201c obilje\u017eila je prigodnim programom trideset godina od genocida u Srebrenici - Osnovna \u0161kola &quot;Osman Naka\u0161&quot;<\/title>\n<meta name=\"robots\" content=\"index, follow, max-snippet:-1, max-image-preview:large, max-video-preview:-1\" \/>\n<link rel=\"canonical\" href=\"https:\/\/osonakas.edu.ba\/?p=2806\" \/>\n<meta property=\"og:locale\" content=\"bs_BA\" \/>\n<meta property=\"og:type\" content=\"article\" \/>\n<meta property=\"og:title\" content=\"Osnovna \u0161kola \u201eOsman Naka\u0161\u201c obilje\u017eila je prigodnim programom trideset godina od genocida u Srebrenici - Osnovna \u0161kola &quot;Osman Naka\u0161&quot;\" \/>\n<meta property=\"og:description\" content=\"U Osnovnoj \u0161koli \u201eOsman Naka\u0161\u201c prigodnim programom obilje\u017eena je tridesetogodi\u0161njica od genocida u Srebrenici. Koriste\u0107i datum 9. maj, Dan pobjede nad fa\u0161izmom, dan kada\" \/>\n<meta property=\"og:url\" content=\"https:\/\/osonakas.edu.ba\/?p=2806\" \/>\n<meta property=\"og:site_name\" content=\"Osnovna \u0161kola &quot;Osman Naka\u0161&quot;\" \/>\n<meta property=\"article:published_time\" content=\"2025-05-15T07:01:28+00:00\" \/>\n<meta property=\"article:modified_time\" content=\"2025-06-10T09:20:54+00:00\" \/>\n<meta name=\"twitter:card\" content=\"summary_large_image\" \/>\n<meta name=\"twitter:image\" content=\"https:\/\/osonakas.edu.ba\/wp-content\/uploads\/2025\/05\/oslobodjenje25.webp\" \/>\n<meta name=\"twitter:label1\" content=\"Written by\" \/>\n\t<meta name=\"twitter:data1\" content=\"Edin\" \/>\n\t<meta name=\"twitter:label2\" content=\"Est. reading time\" \/>\n\t<meta name=\"twitter:data2\" content=\"1 minuta\" \/>\n<script type=\"application\/ld+json\" class=\"yoast-schema-graph\">{\"@context\":\"https:\/\/schema.org\",\"@graph\":[{\"@type\":\"WebSite\",\"@id\":\"https:\/\/osonakas.edu.ba\/#website\",\"url\":\"https:\/\/osonakas.edu.ba\/\",\"name\":\"Osnovna \\u0161kola &quot;Osman Naka\\u0161&quot;\",\"description\":\"Ne u\\u010dimo za \\u0161kolu, nego za \\u017eivot.\",\"potentialAction\":[{\"@type\":\"SearchAction\",\"target\":{\"@type\":\"EntryPoint\",\"urlTemplate\":\"https:\/\/osonakas.edu.ba\/?s={search_term_string}\"},\"query-input\":\"required name=search_term_string\"}],\"inLanguage\":\"bs-BA\"},{\"@type\":\"ImageObject\",\"@id\":\"https:\/\/osonakas.edu.ba\/?p=2806#primaryimage\",\"inLanguage\":\"bs-BA\",\"url\":\"https:\/\/osonakas.edu.ba\/wp-content\/uploads\/2025\/05\/oslobodjenje25.webp\",\"contentUrl\":\"https:\/\/osonakas.edu.ba\/wp-content\/uploads\/2025\/05\/oslobodjenje25.webp\",\"width\":1235,\"height\":926},{\"@type\":\"WebPage\",\"@id\":\"https:\/\/osonakas.edu.ba\/?p=2806#webpage\",\"url\":\"https:\/\/osonakas.edu.ba\/?p=2806\",\"name\":\"Osnovna \\u0161kola \\u201eOsman Naka\\u0161\\u201c obilje\\u017eila je prigodnim programom trideset godina od genocida u Srebrenici - Osnovna \\u0161kola &quot;Osman Naka\\u0161&quot;\",\"isPartOf\":{\"@id\":\"https:\/\/osonakas.edu.ba\/#website\"},\"primaryImageOfPage\":{\"@id\":\"https:\/\/osonakas.edu.ba\/?p=2806#primaryimage\"},\"datePublished\":\"2025-05-15T07:01:28+00:00\",\"dateModified\":\"2025-06-10T09:20:54+00:00\",\"author\":{\"@id\":\"https:\/\/osonakas.edu.ba\/#\/schema\/person\/c97d8a9634b11421b1684fd4226ee46d\"},\"breadcrumb\":{\"@id\":\"https:\/\/osonakas.edu.ba\/?p=2806#breadcrumb\"},\"inLanguage\":\"bs-BA\",\"potentialAction\":[{\"@type\":\"ReadAction\",\"target\":[\"https:\/\/osonakas.edu.ba\/?p=2806\"]}]},{\"@type\":\"BreadcrumbList\",\"@id\":\"https:\/\/osonakas.edu.ba\/?p=2806#breadcrumb\",\"itemListElement\":[{\"@type\":\"ListItem\",\"position\":1,\"name\":\"Dom\",\"item\":\"https:\/\/osonakas.edu.ba\/\"},{\"@type\":\"ListItem\",\"position\":2,\"name\":\"Osnovna \\u0161kola \\u201eOsman Naka\\u0161\\u201c obilje\\u017eila je prigodnim programom trideset godina od genocida u Srebrenici\"}]},{\"@type\":\"Person\",\"@id\":\"https:\/\/osonakas.edu.ba\/#\/schema\/person\/c97d8a9634b11421b1684fd4226ee46d\",\"name\":\"Edin\",\"image\":{\"@type\":\"ImageObject\",\"@id\":\"https:\/\/osonakas.edu.ba\/#personlogo\",\"inLanguage\":\"bs-BA\",\"url\":\"https:\/\/osonakas.edu.ba\/wp-content\/uploads\/2020\/12\/Logo-skole-1-150x150.jpg\",\"contentUrl\":\"https:\/\/osonakas.edu.ba\/wp-content\/uploads\/2020\/12\/Logo-skole-1-150x150.jpg\",\"caption\":\"Edin\"},\"url\":\"https:\/\/osonakas.edu.ba\/?author=2\"}]}<\/script>\n<!-- \/ Yoast SEO plugin. -->","yoast_head_json":{"title":"Osnovna \u0161kola \u201eOsman Naka\u0161\u201c obilje\u017eila je prigodnim programom trideset godina od genocida u Srebrenici - Osnovna \u0161kola &quot;Osman Naka\u0161&quot;","robots":{"index":"index","follow":"follow","max-snippet":"max-snippet:-1","max-image-preview":"max-image-preview:large","max-video-preview":"max-video-preview:-1"},"canonical":"https:\/\/osonakas.edu.ba\/?p=2806","og_locale":"bs_BA","og_type":"article","og_title":"Osnovna \u0161kola \u201eOsman Naka\u0161\u201c obilje\u017eila je prigodnim programom trideset godina od genocida u Srebrenici - Osnovna \u0161kola &quot;Osman Naka\u0161&quot;","og_description":"U Osnovnoj \u0161koli \u201eOsman Naka\u0161\u201c prigodnim programom obilje\u017eena je tridesetogodi\u0161njica od genocida u Srebrenici. Koriste\u0107i datum 9. maj, Dan pobjede nad fa\u0161izmom, dan kada","og_url":"https:\/\/osonakas.edu.ba\/?p=2806","og_site_name":"Osnovna \u0161kola &quot;Osman Naka\u0161&quot;","article_published_time":"2025-05-15T07:01:28+00:00","article_modified_time":"2025-06-10T09:20:54+00:00","twitter_card":"summary_large_image","twitter_image":"https:\/\/osonakas.edu.ba\/wp-content\/uploads\/2025\/05\/oslobodjenje25.webp","twitter_misc":{"Written by":"Edin","Est. reading time":"1 minuta"},"schema":{"@context":"https:\/\/schema.org","@graph":[{"@type":"WebSite","@id":"https:\/\/osonakas.edu.ba\/#website","url":"https:\/\/osonakas.edu.ba\/","name":"Osnovna \u0161kola &quot;Osman Naka\u0161&quot;","description":"Ne u\u010dimo za \u0161kolu, nego za \u017eivot.","potentialAction":[{"@type":"SearchAction","target":{"@type":"EntryPoint","urlTemplate":"https:\/\/osonakas.edu.ba\/?s={search_term_string}"},"query-input":"required name=search_term_string"}],"inLanguage":"bs-BA"},{"@type":"ImageObject","@id":"https:\/\/osonakas.edu.ba\/?p=2806#primaryimage","inLanguage":"bs-BA","url":"https:\/\/osonakas.edu.ba\/wp-content\/uploads\/2025\/05\/oslobodjenje25.webp","contentUrl":"https:\/\/osonakas.edu.ba\/wp-content\/uploads\/2025\/05\/oslobodjenje25.webp","width":1235,"height":926},{"@type":"WebPage","@id":"https:\/\/osonakas.edu.ba\/?p=2806#webpage","url":"https:\/\/osonakas.edu.ba\/?p=2806","name":"Osnovna \u0161kola \u201eOsman Naka\u0161\u201c obilje\u017eila je prigodnim programom trideset godina od genocida u Srebrenici - Osnovna \u0161kola &quot;Osman Naka\u0161&quot;","isPartOf":{"@id":"https:\/\/osonakas.edu.ba\/#website"},"primaryImageOfPage":{"@id":"https:\/\/osonakas.edu.ba\/?p=2806#primaryimage"},"datePublished":"2025-05-15T07:01:28+00:00","dateModified":"2025-06-10T09:20:54+00:00","author":{"@id":"https:\/\/osonakas.edu.ba\/#\/schema\/person\/c97d8a9634b11421b1684fd4226ee46d"},"breadcrumb":{"@id":"https:\/\/osonakas.edu.ba\/?p=2806#breadcrumb"},"inLanguage":"bs-BA","potentialAction":[{"@type":"ReadAction","target":["https:\/\/osonakas.edu.ba\/?p=2806"]}]},{"@type":"BreadcrumbList","@id":"https:\/\/osonakas.edu.ba\/?p=2806#breadcrumb","itemListElement":[{"@type":"ListItem","position":1,"name":"Dom","item":"https:\/\/osonakas.edu.ba\/"},{"@type":"ListItem","position":2,"name":"Osnovna \u0161kola \u201eOsman Naka\u0161\u201c obilje\u017eila je prigodnim programom trideset godina od genocida u Srebrenici"}]},{"@type":"Person","@id":"https:\/\/osonakas.edu.ba\/#\/schema\/person\/c97d8a9634b11421b1684fd4226ee46d","name":"Edin","image":{"@type":"ImageObject","@id":"https:\/\/osonakas.edu.ba\/#personlogo","inLanguage":"bs-BA","url":"https:\/\/osonakas.edu.ba\/wp-content\/uploads\/2020\/12\/Logo-skole-1-150x150.jpg","contentUrl":"https:\/\/osonakas.edu.ba\/wp-content\/uploads\/2020\/12\/Logo-skole-1-150x150.jpg","caption":"Edin"},"url":"https:\/\/osonakas.edu.ba\/?author=2"}]}},"_links":{"self":[{"href":"https:\/\/osonakas.edu.ba\/index.php?rest_route=\/wp\/v2\/posts\/2806"}],"collection":[{"href":"https:\/\/osonakas.edu.ba\/index.php?rest_route=\/wp\/v2\/posts"}],"about":[{"href":"https:\/\/osonakas.edu.ba\/index.php?rest_route=\/wp\/v2\/types\/post"}],"author":[{"embeddable":true,"href":"https:\/\/osonakas.edu.ba\/index.php?rest_route=\/wp\/v2\/users\/2"}],"replies":[{"embeddable":true,"href":"https:\/\/osonakas.edu.ba\/index.php?rest_route=%2Fwp%2Fv2%2Fcomments&post=2806"}],"version-history":[{"count":3,"href":"https:\/\/osonakas.edu.ba\/index.php?rest_route=\/wp\/v2\/posts\/2806\/revisions"}],"predecessor-version":[{"id":2817,"href":"https:\/\/osonakas.edu.ba\/index.php?rest_route=\/wp\/v2\/posts\/2806\/revisions\/2817"}],"wp:featuredmedia":[{"embeddable":true,"href":"https:\/\/osonakas.edu.ba\/index.php?rest_route=\/wp\/v2\/media\/2811"}],"wp:attachment":[{"href":"https:\/\/osonakas.edu.ba\/index.php?rest_route=%2Fwp%2Fv2%2Fmedia&parent=2806"}],"wp:term":[{"taxonomy":"category","embeddable":true,"href":"https:\/\/osonakas.edu.ba\/index.php?rest_route=%2Fwp%2Fv2%2Fcategories&post=2806"},{"taxonomy":"post_tag","embeddable":true,"href":"https:\/\/osonakas.edu.ba\/index.php?rest_route=%2Fwp%2Fv2%2Ftags&post=2806"}],"curies":[{"name":"wp","href":"https:\/\/api.w.org\/{rel}","templated":true}]}}