{"id":2800,"date":"2025-05-05T13:50:21","date_gmt":"2025-05-05T11:50:21","guid":{"rendered":"https:\/\/osonakas.edu.ba\/?p=2800"},"modified":"2025-05-05T13:55:24","modified_gmt":"2025-05-05T11:55:24","slug":"obiljezavanje-trideset-godina-od-genocida-u-srebrenici","status":"publish","type":"post","link":"https:\/\/osonakas.edu.ba\/?p=2800","title":{"rendered":"Obilje\u017eavanje  \u201cTrideset godina od genocida u Srebrenici&#8221;"},"content":{"rendered":"<p style=\"text-align: center;\"><img loading=\"lazy\" class=\"aligncenter wp-image-2801 size-full\" src=\"https:\/\/osonakas.edu.ba\/wp-content\/uploads\/2025\/05\/Pozivnica.png\" width=\"806\" height=\"916\" srcset=\"https:\/\/osonakas.edu.ba\/wp-content\/uploads\/2025\/05\/Pozivnica.png 806w, https:\/\/osonakas.edu.ba\/wp-content\/uploads\/2025\/05\/Pozivnica-264x300.png 264w, https:\/\/osonakas.edu.ba\/wp-content\/uploads\/2025\/05\/Pozivnica-768x873.png 768w\" sizes=\"(max-width: 806px) 100vw, 806px\" \/><img loading=\"lazy\" class=\"aligncenter wp-image-2803 size-full\" src=\"https:\/\/osonakas.edu.ba\/wp-content\/uploads\/2025\/05\/Plakat.jpg\" width=\"731\" height=\"1074\" srcset=\"https:\/\/osonakas.edu.ba\/wp-content\/uploads\/2025\/05\/Plakat.jpg 731w, https:\/\/osonakas.edu.ba\/wp-content\/uploads\/2025\/05\/Plakat-204x300.jpg 204w, https:\/\/osonakas.edu.ba\/wp-content\/uploads\/2025\/05\/Plakat-697x1024.jpg 697w\" sizes=\"(max-width: 731px) 100vw, 731px\" \/><\/p>\n","protected":false},"excerpt":{"rendered":"","protected":false},"author":2,"featured_media":2801,"comment_status":"closed","ping_status":"closed","sticky":false,"template":"","format":"standard","meta":[],"categories":[1],"tags":[],"yoast_head":"<!-- This site is optimized with the Yoast SEO plugin v17.3 - https:\/\/yoast.com\/wordpress\/plugins\/seo\/ -->\n<title>Obilje\u017eavanje \u201cTrideset godina od genocida u Srebrenici&quot; - Osnovna \u0161kola &quot;Osman Naka\u0161&quot;<\/title>\n<meta name=\"robots\" content=\"index, follow, max-snippet:-1, max-image-preview:large, max-video-preview:-1\" \/>\n<link rel=\"canonical\" href=\"https:\/\/osonakas.edu.ba\/?p=2800\" \/>\n<meta property=\"og:locale\" content=\"bs_BA\" \/>\n<meta property=\"og:type\" content=\"article\" \/>\n<meta property=\"og:title\" content=\"Obilje\u017eavanje \u201cTrideset godina od genocida u Srebrenici&quot; - Osnovna \u0161kola &quot;Osman Naka\u0161&quot;\" \/>\n<meta property=\"og:url\" content=\"https:\/\/osonakas.edu.ba\/?p=2800\" \/>\n<meta property=\"og:site_name\" content=\"Osnovna \u0161kola &quot;Osman Naka\u0161&quot;\" \/>\n<meta property=\"article:published_time\" content=\"2025-05-05T11:50:21+00:00\" \/>\n<meta property=\"article:modified_time\" content=\"2025-05-05T11:55:24+00:00\" \/>\n<meta property=\"og:image\" content=\"https:\/\/osonakas.edu.ba\/wp-content\/uploads\/2025\/05\/Pozivnica.png\" \/>\n\t<meta property=\"og:image:width\" content=\"806\" \/>\n\t<meta property=\"og:image:height\" content=\"916\" \/>\n<meta name=\"twitter:card\" content=\"summary_large_image\" \/>\n<meta name=\"twitter:label1\" content=\"Written by\" \/>\n\t<meta name=\"twitter:data1\" content=\"Edin\" \/>\n\t<meta name=\"twitter:label2\" content=\"Est. reading time\" \/>\n\t<meta name=\"twitter:data2\" content=\"1 minuta\" \/>\n<script type=\"application\/ld+json\" class=\"yoast-schema-graph\">{\"@context\":\"https:\/\/schema.org\",\"@graph\":[{\"@type\":\"WebSite\",\"@id\":\"https:\/\/osonakas.edu.ba\/#website\",\"url\":\"https:\/\/osonakas.edu.ba\/\",\"name\":\"Osnovna \\u0161kola &quot;Osman Naka\\u0161&quot;\",\"description\":\"Ne u\\u010dimo za \\u0161kolu, nego za \\u017eivot.\",\"potentialAction\":[{\"@type\":\"SearchAction\",\"target\":{\"@type\":\"EntryPoint\",\"urlTemplate\":\"https:\/\/osonakas.edu.ba\/?s={search_term_string}\"},\"query-input\":\"required name=search_term_string\"}],\"inLanguage\":\"bs-BA\"},{\"@type\":\"ImageObject\",\"@id\":\"https:\/\/osonakas.edu.ba\/?p=2800#primaryimage\",\"inLanguage\":\"bs-BA\",\"url\":\"https:\/\/osonakas.edu.ba\/wp-content\/uploads\/2025\/05\/Pozivnica.png\",\"contentUrl\":\"https:\/\/osonakas.edu.ba\/wp-content\/uploads\/2025\/05\/Pozivnica.png\",\"width\":806,\"height\":916},{\"@type\":\"WebPage\",\"@id\":\"https:\/\/osonakas.edu.ba\/?p=2800#webpage\",\"url\":\"https:\/\/osonakas.edu.ba\/?p=2800\",\"name\":\"Obilje\\u017eavanje \\u201cTrideset godina od genocida u Srebrenici\\\" - Osnovna \\u0161kola &quot;Osman Naka\\u0161&quot;\",\"isPartOf\":{\"@id\":\"https:\/\/osonakas.edu.ba\/#website\"},\"primaryImageOfPage\":{\"@id\":\"https:\/\/osonakas.edu.ba\/?p=2800#primaryimage\"},\"datePublished\":\"2025-05-05T11:50:21+00:00\",\"dateModified\":\"2025-05-05T11:55:24+00:00\",\"author\":{\"@id\":\"https:\/\/osonakas.edu.ba\/#\/schema\/person\/c97d8a9634b11421b1684fd4226ee46d\"},\"breadcrumb\":{\"@id\":\"https:\/\/osonakas.edu.ba\/?p=2800#breadcrumb\"},\"inLanguage\":\"bs-BA\",\"potentialAction\":[{\"@type\":\"ReadAction\",\"target\":[\"https:\/\/osonakas.edu.ba\/?p=2800\"]}]},{\"@type\":\"BreadcrumbList\",\"@id\":\"https:\/\/osonakas.edu.ba\/?p=2800#breadcrumb\",\"itemListElement\":[{\"@type\":\"ListItem\",\"position\":1,\"name\":\"Dom\",\"item\":\"https:\/\/osonakas.edu.ba\/\"},{\"@type\":\"ListItem\",\"position\":2,\"name\":\"Obilje\\u017eavanje \\u201cTrideset godina od genocida u Srebrenici&#8221;\"}]},{\"@type\":\"Person\",\"@id\":\"https:\/\/osonakas.edu.ba\/#\/schema\/person\/c97d8a9634b11421b1684fd4226ee46d\",\"name\":\"Edin\",\"image\":{\"@type\":\"ImageObject\",\"@id\":\"https:\/\/osonakas.edu.ba\/#personlogo\",\"inLanguage\":\"bs-BA\",\"url\":\"https:\/\/osonakas.edu.ba\/wp-content\/uploads\/2020\/12\/Logo-skole-1-150x150.jpg\",\"contentUrl\":\"https:\/\/osonakas.edu.ba\/wp-content\/uploads\/2020\/12\/Logo-skole-1-150x150.jpg\",\"caption\":\"Edin\"},\"url\":\"https:\/\/osonakas.edu.ba\/?author=2\"}]}<\/script>\n<!-- \/ Yoast SEO plugin. -->","yoast_head_json":{"title":"Obilje\u017eavanje \u201cTrideset godina od genocida u Srebrenici\" - Osnovna \u0161kola &quot;Osman Naka\u0161&quot;","robots":{"index":"index","follow":"follow","max-snippet":"max-snippet:-1","max-image-preview":"max-image-preview:large","max-video-preview":"max-video-preview:-1"},"canonical":"https:\/\/osonakas.edu.ba\/?p=2800","og_locale":"bs_BA","og_type":"article","og_title":"Obilje\u017eavanje \u201cTrideset godina od genocida u Srebrenici\" - Osnovna \u0161kola &quot;Osman Naka\u0161&quot;","og_url":"https:\/\/osonakas.edu.ba\/?p=2800","og_site_name":"Osnovna \u0161kola &quot;Osman Naka\u0161&quot;","article_published_time":"2025-05-05T11:50:21+00:00","article_modified_time":"2025-05-05T11:55:24+00:00","og_image":[{"width":806,"height":916,"url":"https:\/\/osonakas.edu.ba\/wp-content\/uploads\/2025\/05\/Pozivnica.png","type":"image\/png"}],"twitter_card":"summary_large_image","twitter_misc":{"Written by":"Edin","Est. reading time":"1 minuta"},"schema":{"@context":"https:\/\/schema.org","@graph":[{"@type":"WebSite","@id":"https:\/\/osonakas.edu.ba\/#website","url":"https:\/\/osonakas.edu.ba\/","name":"Osnovna \u0161kola &quot;Osman Naka\u0161&quot;","description":"Ne u\u010dimo za \u0161kolu, nego za \u017eivot.","potentialAction":[{"@type":"SearchAction","target":{"@type":"EntryPoint","urlTemplate":"https:\/\/osonakas.edu.ba\/?s={search_term_string}"},"query-input":"required name=search_term_string"}],"inLanguage":"bs-BA"},{"@type":"ImageObject","@id":"https:\/\/osonakas.edu.ba\/?p=2800#primaryimage","inLanguage":"bs-BA","url":"https:\/\/osonakas.edu.ba\/wp-content\/uploads\/2025\/05\/Pozivnica.png","contentUrl":"https:\/\/osonakas.edu.ba\/wp-content\/uploads\/2025\/05\/Pozivnica.png","width":806,"height":916},{"@type":"WebPage","@id":"https:\/\/osonakas.edu.ba\/?p=2800#webpage","url":"https:\/\/osonakas.edu.ba\/?p=2800","name":"Obilje\u017eavanje \u201cTrideset godina od genocida u Srebrenici\" - Osnovna \u0161kola &quot;Osman Naka\u0161&quot;","isPartOf":{"@id":"https:\/\/osonakas.edu.ba\/#website"},"primaryImageOfPage":{"@id":"https:\/\/osonakas.edu.ba\/?p=2800#primaryimage"},"datePublished":"2025-05-05T11:50:21+00:00","dateModified":"2025-05-05T11:55:24+00:00","author":{"@id":"https:\/\/osonakas.edu.ba\/#\/schema\/person\/c97d8a9634b11421b1684fd4226ee46d"},"breadcrumb":{"@id":"https:\/\/osonakas.edu.ba\/?p=2800#breadcrumb"},"inLanguage":"bs-BA","potentialAction":[{"@type":"ReadAction","target":["https:\/\/osonakas.edu.ba\/?p=2800"]}]},{"@type":"BreadcrumbList","@id":"https:\/\/osonakas.edu.ba\/?p=2800#breadcrumb","itemListElement":[{"@type":"ListItem","position":1,"name":"Dom","item":"https:\/\/osonakas.edu.ba\/"},{"@type":"ListItem","position":2,"name":"Obilje\u017eavanje \u201cTrideset godina od genocida u Srebrenici&#8221;"}]},{"@type":"Person","@id":"https:\/\/osonakas.edu.ba\/#\/schema\/person\/c97d8a9634b11421b1684fd4226ee46d","name":"Edin","image":{"@type":"ImageObject","@id":"https:\/\/osonakas.edu.ba\/#personlogo","inLanguage":"bs-BA","url":"https:\/\/osonakas.edu.ba\/wp-content\/uploads\/2020\/12\/Logo-skole-1-150x150.jpg","contentUrl":"https:\/\/osonakas.edu.ba\/wp-content\/uploads\/2020\/12\/Logo-skole-1-150x150.jpg","caption":"Edin"},"url":"https:\/\/osonakas.edu.ba\/?author=2"}]}},"_links":{"self":[{"href":"https:\/\/osonakas.edu.ba\/index.php?rest_route=\/wp\/v2\/posts\/2800"}],"collection":[{"href":"https:\/\/osonakas.edu.ba\/index.php?rest_route=\/wp\/v2\/posts"}],"about":[{"href":"https:\/\/osonakas.edu.ba\/index.php?rest_route=\/wp\/v2\/types\/post"}],"author":[{"embeddable":true,"href":"https:\/\/osonakas.edu.ba\/index.php?rest_route=\/wp\/v2\/users\/2"}],"replies":[{"embeddable":true,"href":"https:\/\/osonakas.edu.ba\/index.php?rest_route=%2Fwp%2Fv2%2Fcomments&post=2800"}],"version-history":[{"count":2,"href":"https:\/\/osonakas.edu.ba\/index.php?rest_route=\/wp\/v2\/posts\/2800\/revisions"}],"predecessor-version":[{"id":2804,"href":"https:\/\/osonakas.edu.ba\/index.php?rest_route=\/wp\/v2\/posts\/2800\/revisions\/2804"}],"wp:featuredmedia":[{"embeddable":true,"href":"https:\/\/osonakas.edu.ba\/index.php?rest_route=\/wp\/v2\/media\/2801"}],"wp:attachment":[{"href":"https:\/\/osonakas.edu.ba\/index.php?rest_route=%2Fwp%2Fv2%2Fmedia&parent=2800"}],"wp:term":[{"taxonomy":"category","embeddable":true,"href":"https:\/\/osonakas.edu.ba\/index.php?rest_route=%2Fwp%2Fv2%2Fcategories&post=2800"},{"taxonomy":"post_tag","embeddable":true,"href":"https:\/\/osonakas.edu.ba\/index.php?rest_route=%2Fwp%2Fv2%2Ftags&post=2800"}],"curies":[{"name":"wp","href":"https:\/\/api.w.org\/{rel}","templated":true}]}}