{"id":2517,"date":"2024-02-22T12:31:03","date_gmt":"2024-02-22T11:31:03","guid":{"rendered":"https:\/\/osonakas.edu.ba\/?p=2517"},"modified":"2024-02-22T12:31:03","modified_gmt":"2024-02-22T11:31:03","slug":"ministrica-posjetila-nasu-skolu","status":"publish","type":"post","link":"https:\/\/osonakas.edu.ba\/?p=2517","title":{"rendered":"Ministrica posjetila na\u0161u \u0161kolu"},"content":{"rendered":"<p style=\"text-align: right;\"><em>\u201eD\u0430\u0458 \u0455v\u0456\u0458\u0435tu n\u0430\u0458b\u043el\u0458\u0435 \u0161t\u043e \u0456m\u0430\u0161, v\u0458\u0435r\u043ej\u0430tn\u043e n\u0435\u0107\u0435 n\u0456k\u0430d\u0430 b\u0456t\u0456 d\u043ev\u043el\u0458n\u043e. \u0406\u0440\u0430k, d\u0430\u0458 \u0455v\u0456\u0458\u0435tu n\u0430\u0458b\u043el\u0458\u0435 \u0161t\u043e zn\u0430\u0161 \u0456 \u0456m\u0430\u0161!\u201c<\/em><\/p>\n<p>Dana 21.2.2024. godine na\u0161a \u0161kola je ugostila ministricu za odgoj i obrazovanje Kantona Sarajevo, g-\u0111u Naidu Hota-Muminovi\u0107 sa saradnicima i direktoricu Instituta za razvoj preduniverzitetskog obrazovanja, g-\u0111u Senadu Salihovi\u0107 sa saradnicima.<\/p>\n<p>Tako\u0111er, realizovana je jo\u0161 jedna u nizu radionica u okviru \u0160kole roditeljstva sa temom \u201cPsiholo\u0161ke potrebe u\u010denika\u201d.<\/p>\n<p>Prisutnim roditeljima i uposlenicima \u0161kole obratila se Ministrica i po\u017eeljela uspje\u0161an rad i saradnju, a u saradni\u010dkom duhu razmjenjivali smo iskustva, diskutovali o te\u0161ko\u0107ama na koje nailazimo i poku\u0161ali prona\u0107i adekvatna rje\u0161enja za dobrobit svih u\u010desnika odgojno-obrazovnog procesa i ja\u010danje kompetencija za prevazila\u017eenje te\u0161ko\u0107a.<\/p>\n<p>Izuzetno pozitivne i podr\u017eavaju\u0107e povratne informacije roditelja svakako su motiv da jo\u0161 sr\u010danije realizujemo budu\u0107e susrete.<\/p>\n<p><iframe title=\"Posjeta ministrice na\u0161oj \u0161koli-RTV \u0160kolarac\" width=\"640\" height=\"360\" src=\"https:\/\/www.youtube.com\/embed\/Ad21pB3la3Q?feature=oembed\" frameborder=\"0\" allow=\"accelerometer; autoplay; clipboard-write; encrypted-media; gyroscope; picture-in-picture; web-share\" allowfullscreen><\/iframe><\/p>\n","protected":false},"excerpt":{"rendered":"<p>\u201eD\u0430\u0458 \u0455v\u0456\u0458\u0435tu n\u0430\u0458b\u043el\u0458\u0435 \u0161t\u043e \u0456m\u0430\u0161, v\u0458\u0435r\u043ej\u0430tn\u043e n\u0435\u0107\u0435 n\u0456k\u0430d\u0430 b\u0456t\u0456 d\u043ev\u043el\u0458n\u043e. \u0406\u0440\u0430k, d\u0430\u0458 \u0455v\u0456\u0458\u0435tu n\u0430\u0458b\u043el\u0458\u0435 \u0161t\u043e zn\u0430\u0161 \u0456 \u0456m\u0430\u0161!\u201c Dana 21.2.2024. godine na\u0161a \u0161kola je<\/p>\n","protected":false},"author":2,"featured_media":2518,"comment_status":"closed","ping_status":"closed","sticky":false,"template":"","format":"standard","meta":[],"categories":[1],"tags":[],"yoast_head":"<!-- This site is optimized with the Yoast SEO plugin v17.3 - https:\/\/yoast.com\/wordpress\/plugins\/seo\/ -->\n<title>Ministrica posjetila na\u0161u \u0161kolu - Osnovna \u0161kola &quot;Osman Naka\u0161&quot;<\/title>\n<meta name=\"robots\" content=\"index, follow, max-snippet:-1, max-image-preview:large, max-video-preview:-1\" \/>\n<link rel=\"canonical\" href=\"https:\/\/osonakas.edu.ba\/?p=2517\" \/>\n<meta property=\"og:locale\" content=\"bs_BA\" \/>\n<meta property=\"og:type\" content=\"article\" \/>\n<meta property=\"og:title\" content=\"Ministrica posjetila na\u0161u \u0161kolu - Osnovna \u0161kola &quot;Osman Naka\u0161&quot;\" \/>\n<meta property=\"og:description\" content=\"\u201eD\u0430\u0458 \u0455v\u0456\u0458\u0435tu n\u0430\u0458b\u043el\u0458\u0435 \u0161t\u043e \u0456m\u0430\u0161, v\u0458\u0435r\u043ej\u0430tn\u043e n\u0435\u0107\u0435 n\u0456k\u0430d\u0430 b\u0456t\u0456 d\u043ev\u043el\u0458n\u043e. \u0406\u0440\u0430k, d\u0430\u0458 \u0455v\u0456\u0458\u0435tu n\u0430\u0458b\u043el\u0458\u0435 \u0161t\u043e zn\u0430\u0161 \u0456 \u0456m\u0430\u0161!\u201c Dana 21.2.2024. godine na\u0161a \u0161kola je\" \/>\n<meta property=\"og:url\" content=\"https:\/\/osonakas.edu.ba\/?p=2517\" \/>\n<meta property=\"og:site_name\" content=\"Osnovna \u0161kola &quot;Osman Naka\u0161&quot;\" \/>\n<meta property=\"article:published_time\" content=\"2024-02-22T11:31:03+00:00\" \/>\n<meta property=\"og:image\" content=\"https:\/\/osonakas.edu.ba\/wp-content\/uploads\/2024\/02\/20240221_174902-scaled.jpg\" \/>\n\t<meta property=\"og:image:width\" content=\"2560\" \/>\n\t<meta property=\"og:image:height\" content=\"1357\" \/>\n<meta name=\"twitter:card\" content=\"summary_large_image\" \/>\n<meta name=\"twitter:label1\" content=\"Written by\" \/>\n\t<meta name=\"twitter:data1\" content=\"Edin\" \/>\n\t<meta name=\"twitter:label2\" content=\"Est. reading time\" \/>\n\t<meta name=\"twitter:data2\" content=\"1 minuta\" \/>\n<script type=\"application\/ld+json\" class=\"yoast-schema-graph\">{\"@context\":\"https:\/\/schema.org\",\"@graph\":[{\"@type\":\"WebSite\",\"@id\":\"https:\/\/osonakas.edu.ba\/#website\",\"url\":\"https:\/\/osonakas.edu.ba\/\",\"name\":\"Osnovna \\u0161kola &quot;Osman Naka\\u0161&quot;\",\"description\":\"Ne u\\u010dimo za \\u0161kolu, nego za \\u017eivot.\",\"potentialAction\":[{\"@type\":\"SearchAction\",\"target\":{\"@type\":\"EntryPoint\",\"urlTemplate\":\"https:\/\/osonakas.edu.ba\/?s={search_term_string}\"},\"query-input\":\"required name=search_term_string\"}],\"inLanguage\":\"bs-BA\"},{\"@type\":\"ImageObject\",\"@id\":\"https:\/\/osonakas.edu.ba\/?p=2517#primaryimage\",\"inLanguage\":\"bs-BA\",\"url\":\"https:\/\/osonakas.edu.ba\/wp-content\/uploads\/2024\/02\/20240221_174902-scaled.jpg\",\"contentUrl\":\"https:\/\/osonakas.edu.ba\/wp-content\/uploads\/2024\/02\/20240221_174902-scaled.jpg\",\"width\":2560,\"height\":1357},{\"@type\":\"WebPage\",\"@id\":\"https:\/\/osonakas.edu.ba\/?p=2517#webpage\",\"url\":\"https:\/\/osonakas.edu.ba\/?p=2517\",\"name\":\"Ministrica posjetila na\\u0161u \\u0161kolu - Osnovna \\u0161kola &quot;Osman Naka\\u0161&quot;\",\"isPartOf\":{\"@id\":\"https:\/\/osonakas.edu.ba\/#website\"},\"primaryImageOfPage\":{\"@id\":\"https:\/\/osonakas.edu.ba\/?p=2517#primaryimage\"},\"datePublished\":\"2024-02-22T11:31:03+00:00\",\"dateModified\":\"2024-02-22T11:31:03+00:00\",\"author\":{\"@id\":\"https:\/\/osonakas.edu.ba\/#\/schema\/person\/c97d8a9634b11421b1684fd4226ee46d\"},\"breadcrumb\":{\"@id\":\"https:\/\/osonakas.edu.ba\/?p=2517#breadcrumb\"},\"inLanguage\":\"bs-BA\",\"potentialAction\":[{\"@type\":\"ReadAction\",\"target\":[\"https:\/\/osonakas.edu.ba\/?p=2517\"]}]},{\"@type\":\"BreadcrumbList\",\"@id\":\"https:\/\/osonakas.edu.ba\/?p=2517#breadcrumb\",\"itemListElement\":[{\"@type\":\"ListItem\",\"position\":1,\"name\":\"Dom\",\"item\":\"https:\/\/osonakas.edu.ba\/\"},{\"@type\":\"ListItem\",\"position\":2,\"name\":\"Ministrica posjetila na\\u0161u \\u0161kolu\"}]},{\"@type\":\"Person\",\"@id\":\"https:\/\/osonakas.edu.ba\/#\/schema\/person\/c97d8a9634b11421b1684fd4226ee46d\",\"name\":\"Edin\",\"image\":{\"@type\":\"ImageObject\",\"@id\":\"https:\/\/osonakas.edu.ba\/#personlogo\",\"inLanguage\":\"bs-BA\",\"url\":\"https:\/\/osonakas.edu.ba\/wp-content\/uploads\/2020\/12\/Logo-skole-1-150x150.jpg\",\"contentUrl\":\"https:\/\/osonakas.edu.ba\/wp-content\/uploads\/2020\/12\/Logo-skole-1-150x150.jpg\",\"caption\":\"Edin\"},\"url\":\"https:\/\/osonakas.edu.ba\/?author=2\"}]}<\/script>\n<!-- \/ Yoast SEO plugin. -->","yoast_head_json":{"title":"Ministrica posjetila na\u0161u \u0161kolu - Osnovna \u0161kola &quot;Osman Naka\u0161&quot;","robots":{"index":"index","follow":"follow","max-snippet":"max-snippet:-1","max-image-preview":"max-image-preview:large","max-video-preview":"max-video-preview:-1"},"canonical":"https:\/\/osonakas.edu.ba\/?p=2517","og_locale":"bs_BA","og_type":"article","og_title":"Ministrica posjetila na\u0161u \u0161kolu - Osnovna \u0161kola &quot;Osman Naka\u0161&quot;","og_description":"\u201eD\u0430\u0458 \u0455v\u0456\u0458\u0435tu n\u0430\u0458b\u043el\u0458\u0435 \u0161t\u043e \u0456m\u0430\u0161, v\u0458\u0435r\u043ej\u0430tn\u043e n\u0435\u0107\u0435 n\u0456k\u0430d\u0430 b\u0456t\u0456 d\u043ev\u043el\u0458n\u043e. \u0406\u0440\u0430k, d\u0430\u0458 \u0455v\u0456\u0458\u0435tu n\u0430\u0458b\u043el\u0458\u0435 \u0161t\u043e zn\u0430\u0161 \u0456 \u0456m\u0430\u0161!\u201c Dana 21.2.2024. godine na\u0161a \u0161kola je","og_url":"https:\/\/osonakas.edu.ba\/?p=2517","og_site_name":"Osnovna \u0161kola &quot;Osman Naka\u0161&quot;","article_published_time":"2024-02-22T11:31:03+00:00","og_image":[{"width":2560,"height":1357,"url":"https:\/\/osonakas.edu.ba\/wp-content\/uploads\/2024\/02\/20240221_174902-scaled.jpg","type":"image\/jpeg"}],"twitter_card":"summary_large_image","twitter_misc":{"Written by":"Edin","Est. reading time":"1 minuta"},"schema":{"@context":"https:\/\/schema.org","@graph":[{"@type":"WebSite","@id":"https:\/\/osonakas.edu.ba\/#website","url":"https:\/\/osonakas.edu.ba\/","name":"Osnovna \u0161kola &quot;Osman Naka\u0161&quot;","description":"Ne u\u010dimo za \u0161kolu, nego za \u017eivot.","potentialAction":[{"@type":"SearchAction","target":{"@type":"EntryPoint","urlTemplate":"https:\/\/osonakas.edu.ba\/?s={search_term_string}"},"query-input":"required name=search_term_string"}],"inLanguage":"bs-BA"},{"@type":"ImageObject","@id":"https:\/\/osonakas.edu.ba\/?p=2517#primaryimage","inLanguage":"bs-BA","url":"https:\/\/osonakas.edu.ba\/wp-content\/uploads\/2024\/02\/20240221_174902-scaled.jpg","contentUrl":"https:\/\/osonakas.edu.ba\/wp-content\/uploads\/2024\/02\/20240221_174902-scaled.jpg","width":2560,"height":1357},{"@type":"WebPage","@id":"https:\/\/osonakas.edu.ba\/?p=2517#webpage","url":"https:\/\/osonakas.edu.ba\/?p=2517","name":"Ministrica posjetila na\u0161u \u0161kolu - Osnovna \u0161kola &quot;Osman Naka\u0161&quot;","isPartOf":{"@id":"https:\/\/osonakas.edu.ba\/#website"},"primaryImageOfPage":{"@id":"https:\/\/osonakas.edu.ba\/?p=2517#primaryimage"},"datePublished":"2024-02-22T11:31:03+00:00","dateModified":"2024-02-22T11:31:03+00:00","author":{"@id":"https:\/\/osonakas.edu.ba\/#\/schema\/person\/c97d8a9634b11421b1684fd4226ee46d"},"breadcrumb":{"@id":"https:\/\/osonakas.edu.ba\/?p=2517#breadcrumb"},"inLanguage":"bs-BA","potentialAction":[{"@type":"ReadAction","target":["https:\/\/osonakas.edu.ba\/?p=2517"]}]},{"@type":"BreadcrumbList","@id":"https:\/\/osonakas.edu.ba\/?p=2517#breadcrumb","itemListElement":[{"@type":"ListItem","position":1,"name":"Dom","item":"https:\/\/osonakas.edu.ba\/"},{"@type":"ListItem","position":2,"name":"Ministrica posjetila na\u0161u \u0161kolu"}]},{"@type":"Person","@id":"https:\/\/osonakas.edu.ba\/#\/schema\/person\/c97d8a9634b11421b1684fd4226ee46d","name":"Edin","image":{"@type":"ImageObject","@id":"https:\/\/osonakas.edu.ba\/#personlogo","inLanguage":"bs-BA","url":"https:\/\/osonakas.edu.ba\/wp-content\/uploads\/2020\/12\/Logo-skole-1-150x150.jpg","contentUrl":"https:\/\/osonakas.edu.ba\/wp-content\/uploads\/2020\/12\/Logo-skole-1-150x150.jpg","caption":"Edin"},"url":"https:\/\/osonakas.edu.ba\/?author=2"}]}},"_links":{"self":[{"href":"https:\/\/osonakas.edu.ba\/index.php?rest_route=\/wp\/v2\/posts\/2517"}],"collection":[{"href":"https:\/\/osonakas.edu.ba\/index.php?rest_route=\/wp\/v2\/posts"}],"about":[{"href":"https:\/\/osonakas.edu.ba\/index.php?rest_route=\/wp\/v2\/types\/post"}],"author":[{"embeddable":true,"href":"https:\/\/osonakas.edu.ba\/index.php?rest_route=\/wp\/v2\/users\/2"}],"replies":[{"embeddable":true,"href":"https:\/\/osonakas.edu.ba\/index.php?rest_route=%2Fwp%2Fv2%2Fcomments&post=2517"}],"version-history":[{"count":1,"href":"https:\/\/osonakas.edu.ba\/index.php?rest_route=\/wp\/v2\/posts\/2517\/revisions"}],"predecessor-version":[{"id":2519,"href":"https:\/\/osonakas.edu.ba\/index.php?rest_route=\/wp\/v2\/posts\/2517\/revisions\/2519"}],"wp:featuredmedia":[{"embeddable":true,"href":"https:\/\/osonakas.edu.ba\/index.php?rest_route=\/wp\/v2\/media\/2518"}],"wp:attachment":[{"href":"https:\/\/osonakas.edu.ba\/index.php?rest_route=%2Fwp%2Fv2%2Fmedia&parent=2517"}],"wp:term":[{"taxonomy":"category","embeddable":true,"href":"https:\/\/osonakas.edu.ba\/index.php?rest_route=%2Fwp%2Fv2%2Fcategories&post=2517"},{"taxonomy":"post_tag","embeddable":true,"href":"https:\/\/osonakas.edu.ba\/index.php?rest_route=%2Fwp%2Fv2%2Ftags&post=2517"}],"curies":[{"name":"wp","href":"https:\/\/api.w.org\/{rel}","templated":true}]}}