{"id":2479,"date":"2024-01-29T10:09:08","date_gmt":"2024-01-29T09:09:08","guid":{"rendered":"https:\/\/osonakas.edu.ba\/?p=2479"},"modified":"2024-01-29T10:09:45","modified_gmt":"2024-01-29T09:09:45","slug":"delegacija-opcine-novi-grad-sarajevo-sa-direktorima-skola-u-posjeti-istanbulskoj-opcini-beykoz","status":"publish","type":"post","link":"https:\/\/osonakas.edu.ba\/?p=2479","title":{"rendered":"Delegacija Op\u0107ine Novi Grad Sarajevo sa direktorima \u0161kola u posjeti istanbulskoj Op\u0107ini Beykoz"},"content":{"rendered":"<p>Delegacija Op\u0107ine Novi Grad Sarajevo predvo\u0111ena na\u010delnikom Semirom Efendi\u0107em sa direktorima srednjih i osnovnih \u0161kola sa podru\u010dja ove op\u0107ine, borave u vi\u0161ednevnoj posjeti Op\u0107ini Beykoz, jednoj od 39 op\u0107ine grada Istanbula, gdje im je doma\u0107in na\u010delnik te Op\u0107ine Murat Aydin.<\/p>\n<p>Osim na\u010delnika Efendi\u0107a u delegciji sarajevske Op\u0107ine Novi Grad su i Adisa \u0160uman, Selma Serdarevi\u0107, Amina Vatre\u0161 \u2013 Nezirevi\u0107 i Adis Fazli\u0107.<\/p>\n<p>U delegaciji su i direktori osnovnih \u0161kola Edin \u0110edovi\u0107, direktor O\u0160 \u201cOsman Naka\u0161\u201d, Samira Nuki\u0107, direktorica O\u0160 \u201cMehmedalija Mak Dizdar\u201d, Emir Prlja\u010da, direktor O\u0160 \u201cD\u017eemaludin \u010cau\u0161evi\u0107\u201d, Hamdo Radonja, direktor O\u0160 \u201cMe\u0161a Selimovi\u0107\u201d, Azra Tucakovi\u0107, direktorica O\u0160 \u201cFatima Guni\u0107\u201d, Amina Deli\u0107 \u2013 Zimi\u0107, direktorica O\u0160 \u201cAleksa \u0160anti\u0107, Elvedina Begi\u0107, direktorica O\u0160 \u201cSkender Kulenovi\u0107\u201d, Duran Mrn\u0111i\u0107, direktor O\u0160 \u201cMustafa Busulad\u017ei\u0107\u201d, Lejla Podbi\u0107anin, direktorica O\u0160 \u201cSokolje\u201d, Selmir Fehratovi\u0107, direktor O\u0160 \u201cBehaudin Selmanovi\u0107\u201d, Amela Kazazi\u0107, direktorica O\u0160 \u201cUmihana \u010cuvidina\u201d, Armin Rami\u0107, direktor O\u0160 \u201cAvdo Smailovi\u0107\u201d i direktorica JU Peta gimnazija Deniza Tokalija.<\/p>\n<p>Bosanskohercegova\u010dku delegaciju u svom uredu ugostio je na\u010delnik Op\u0107ine Beykoz Murat Aydin i njegov pomo\u0107nik Fatih Saglam sa saradnicima. Tom prilikom na\u010delnik Aydin izrazio je zadovoljstvo posjetom delegacije iz Op\u0107ine Novi Grad Sarajevo, istakav\u0161i da mu je posebno drago \u0161to vidi Semira Efendi\u0107a, dugogodi\u0161njeg prijatelja i saradnika.<\/p>\n<p>\u201cVeliko mi je zadovoljstvo \u0161to smo se susreli u Op\u0107ini Beykoz i da imam \u010dast da budete moji gosti. Na\u010delnik Semir Efendi\u0107 je dugogodi\u0161nji na\u0161 prijatelj, saradnik i kolega. Dugi niz godina pratimo njegov rad i smatramo ga vrlo uspje\u0161nim na\u010delnikom. Poznajemo mnogo na\u010delnika u Bosni Hercegovini.i smatramo ga jednim od najboljih, ako ne i najboljim na\u010delnikom. Dugo godina traje na\u0161a saradnja, jako kvalitetni odnosi..Za ovaj put bi naro\u010dito istakao da mi je drago da smo svi skupa ovdje. Imali smo \u010dast da vas pozovemo i vi ste se odazvali. Razgovarali smo o nekim aspektima mogu\u0107e saradnje i razmijenili iskustva. Neobi\u010dno mi je drago zbog svega toga i zahvaljujem \u0161to ste nam do\u0161li\u201d \u201d, rekao je na\u010delnik Murat Aydin.<\/p>\n<p>Na\u010delnik Efendi\u0107 je zahvalio na pozivu i toploj dobrodo\u0161lici, istakav\u0161i da je na jednom od ranijih susreta sa na\u010delnikom Muratom Aydinom razgovarao o tome da Op\u0107ina Beykoz bude doma\u0107in ovakvoj posjeti.<\/p>\n<p>\u201cSa nama je ve\u0107ina direktora na\u0161ih osnovnih i direktorica jedne od srednjih \u0161kola, kao i moji saradnici. Svake godine upi\u0161emo u prvi razred oko 1.300 djece, iako su \u0161kole organizaciono pri sastavu Ministarstva obrazovanja Kantona Sarajevo, mi kao Op\u0107ina finansijski poma\u017eemo oko \u0161kolske infrastrukture, odr\u017eavanja i projekata, onoliko koliko smo u mogu\u0107nosti. Kako smo svi puno zaposleni, rijetka je prilika da se uspije organizirati jedno ovakvo dru\u017eenje ve\u0107eg broja ljudi i nama je ovo prvi put da smo u ovolikom broju do\u0161li u posjetu. Ja bi se sa svoje strane zahvalio na\u010delniku Muratu Aydinu i njegovim saradnicima, \u0161to su doma\u0107ini i \u0161to su pripremili sadr\u017eajan program i da \u0107emo u ovih nekoliko dana obi\u0107i op\u0107inu Beykoz. Neke na\u0161e \u0161kole imaju saradnju sa nekim od \u0161kola iz Republike Turske, nadam se da \u0107e takve saradnje biti jo\u0161 i vi\u0161e, jer je dosta toga \u0161to se mo\u017ee razmijeniti izme\u0111u na\u0161ih \u0161kola\u201d, rekao je na\u010delnik Efendi\u0107.<\/p>\n<p>Delegacija sarajevske Op\u0107ine Novi Grad, posjetila je zna\u010dajne obrazovne, kulturno \u2013 historijske i edukativne ustanove i centre, me\u0111u kojima su poznati Beykoz muzej stakla i kristala, Centar za porodicu, \u017eene i osoba sa invaliditetom \u201cAkdem\u201d, Narodni restoran, u kojem se dnevno priprema izme\u0111u pet i \u0161est hiljada besplatnih obroka, Kavcik life centar, Beykoz 360 \u2013 Development centar, a danas i sutra obi\u0107i \u0107e i neke od znamenitosti grada Istanbula d\u017eamije Sultana Ahmeta, Aja Sofiju, Cisterna baziliku, park \u201cGulhane\u201d, Trg Sultan Ahmeta.i druge historijske znamenitosti grada na Bosforu.<\/p>\n<p style=\"text-align: right;\">IZVOR: PRESS OP\u0106INE NOVI GRAD SARAJEVO<\/p>\n<blockquote class=\"wp-embedded-content\" data-secret=\"ttdtgP4eZb\"><p><a href=\"https:\/\/www.novigradsarajevo.ba\/news\/default\/delegacija-opcine-novi-grad-sarajevo-sa-direktorima-skola-u-posjeti-istanbulskoj-opcini-beykoz\/\">Delegacija Op\u0107ine Novi Grad Sarajevo sa direktorima \u0161kola u posjeti istanbulskoj Op\u0107ini Beykoz<\/a><\/p><\/blockquote>\n<p><iframe class=\"wp-embedded-content\" sandbox=\"allow-scripts\" security=\"restricted\" style=\"position: absolute; clip: rect(1px, 1px, 1px, 1px);\" title=\"&#8220;Delegacija Op\u0107ine Novi Grad Sarajevo sa direktorima \u0161kola u posjeti istanbulskoj Op\u0107ini Beykoz&#8221; &#8212; Op\u0107ina Novi Grad Sarajevo\" src=\"https:\/\/www.novigradsarajevo.ba\/news\/default\/delegacija-opcine-novi-grad-sarajevo-sa-direktorima-skola-u-posjeti-istanbulskoj-opcini-beykoz\/embed\/#?secret=8vWMN5GCMK#?secret=ttdtgP4eZb\" data-secret=\"ttdtgP4eZb\" width=\"600\" height=\"338\" frameborder=\"0\" marginwidth=\"0\" marginheight=\"0\" scrolling=\"no\"><\/iframe><\/p>\n<p>&nbsp;<\/p>\n","protected":false},"excerpt":{"rendered":"<p>Delegacija Op\u0107ine Novi Grad Sarajevo predvo\u0111ena na\u010delnikom Semirom Efendi\u0107em sa direktorima srednjih i osnovnih \u0161kola sa podru\u010dja ove op\u0107ine, borave u vi\u0161ednevnoj posjeti Op\u0107ini<\/p>\n","protected":false},"author":2,"featured_media":2480,"comment_status":"closed","ping_status":"closed","sticky":false,"template":"","format":"standard","meta":[],"categories":[1],"tags":[],"yoast_head":"<!-- This site is optimized with the Yoast SEO plugin v17.3 - https:\/\/yoast.com\/wordpress\/plugins\/seo\/ -->\n<title>Delegacija Op\u0107ine Novi Grad Sarajevo sa direktorima \u0161kola u posjeti istanbulskoj Op\u0107ini Beykoz - Osnovna \u0161kola &quot;Osman Naka\u0161&quot;<\/title>\n<meta name=\"robots\" content=\"index, follow, max-snippet:-1, max-image-preview:large, max-video-preview:-1\" \/>\n<link rel=\"canonical\" href=\"https:\/\/osonakas.edu.ba\/?p=2479\" \/>\n<meta property=\"og:locale\" content=\"bs_BA\" \/>\n<meta property=\"og:type\" content=\"article\" \/>\n<meta property=\"og:title\" content=\"Delegacija Op\u0107ine Novi Grad Sarajevo sa direktorima \u0161kola u posjeti istanbulskoj Op\u0107ini Beykoz - Osnovna \u0161kola &quot;Osman Naka\u0161&quot;\" \/>\n<meta property=\"og:description\" content=\"Delegacija Op\u0107ine Novi Grad Sarajevo predvo\u0111ena na\u010delnikom Semirom Efendi\u0107em sa direktorima srednjih i osnovnih \u0161kola sa podru\u010dja ove op\u0107ine, borave u vi\u0161ednevnoj posjeti Op\u0107ini\" \/>\n<meta property=\"og:url\" content=\"https:\/\/osonakas.edu.ba\/?p=2479\" \/>\n<meta property=\"og:site_name\" content=\"Osnovna \u0161kola &quot;Osman Naka\u0161&quot;\" \/>\n<meta property=\"article:published_time\" content=\"2024-01-29T09:09:08+00:00\" \/>\n<meta property=\"article:modified_time\" content=\"2024-01-29T09:09:45+00:00\" \/>\n<meta property=\"og:image\" content=\"https:\/\/osonakas.edu.ba\/wp-content\/uploads\/2024\/01\/TURSKA-POSJETA-2024.jpg\" \/>\n\t<meta property=\"og:image:width\" content=\"1992\" \/>\n\t<meta property=\"og:image:height\" content=\"1328\" \/>\n<meta name=\"twitter:card\" content=\"summary_large_image\" \/>\n<meta name=\"twitter:label1\" content=\"Written by\" \/>\n\t<meta name=\"twitter:data1\" content=\"Edin\" \/>\n\t<meta name=\"twitter:label2\" content=\"Est. reading time\" \/>\n\t<meta name=\"twitter:data2\" content=\"3 minute\" \/>\n<script type=\"application\/ld+json\" class=\"yoast-schema-graph\">{\"@context\":\"https:\/\/schema.org\",\"@graph\":[{\"@type\":\"WebSite\",\"@id\":\"https:\/\/osonakas.edu.ba\/#website\",\"url\":\"https:\/\/osonakas.edu.ba\/\",\"name\":\"Osnovna \\u0161kola &quot;Osman Naka\\u0161&quot;\",\"description\":\"Ne u\\u010dimo za \\u0161kolu, nego za \\u017eivot.\",\"potentialAction\":[{\"@type\":\"SearchAction\",\"target\":{\"@type\":\"EntryPoint\",\"urlTemplate\":\"https:\/\/osonakas.edu.ba\/?s={search_term_string}\"},\"query-input\":\"required name=search_term_string\"}],\"inLanguage\":\"bs-BA\"},{\"@type\":\"ImageObject\",\"@id\":\"https:\/\/osonakas.edu.ba\/?p=2479#primaryimage\",\"inLanguage\":\"bs-BA\",\"url\":\"https:\/\/osonakas.edu.ba\/wp-content\/uploads\/2024\/01\/TURSKA-POSJETA-2024.jpg\",\"contentUrl\":\"https:\/\/osonakas.edu.ba\/wp-content\/uploads\/2024\/01\/TURSKA-POSJETA-2024.jpg\",\"width\":1992,\"height\":1328},{\"@type\":\"WebPage\",\"@id\":\"https:\/\/osonakas.edu.ba\/?p=2479#webpage\",\"url\":\"https:\/\/osonakas.edu.ba\/?p=2479\",\"name\":\"Delegacija Op\\u0107ine Novi Grad Sarajevo sa direktorima \\u0161kola u posjeti istanbulskoj Op\\u0107ini Beykoz - Osnovna \\u0161kola &quot;Osman Naka\\u0161&quot;\",\"isPartOf\":{\"@id\":\"https:\/\/osonakas.edu.ba\/#website\"},\"primaryImageOfPage\":{\"@id\":\"https:\/\/osonakas.edu.ba\/?p=2479#primaryimage\"},\"datePublished\":\"2024-01-29T09:09:08+00:00\",\"dateModified\":\"2024-01-29T09:09:45+00:00\",\"author\":{\"@id\":\"https:\/\/osonakas.edu.ba\/#\/schema\/person\/c97d8a9634b11421b1684fd4226ee46d\"},\"breadcrumb\":{\"@id\":\"https:\/\/osonakas.edu.ba\/?p=2479#breadcrumb\"},\"inLanguage\":\"bs-BA\",\"potentialAction\":[{\"@type\":\"ReadAction\",\"target\":[\"https:\/\/osonakas.edu.ba\/?p=2479\"]}]},{\"@type\":\"BreadcrumbList\",\"@id\":\"https:\/\/osonakas.edu.ba\/?p=2479#breadcrumb\",\"itemListElement\":[{\"@type\":\"ListItem\",\"position\":1,\"name\":\"Dom\",\"item\":\"https:\/\/osonakas.edu.ba\/\"},{\"@type\":\"ListItem\",\"position\":2,\"name\":\"Delegacija Op\\u0107ine Novi Grad Sarajevo sa direktorima \\u0161kola u posjeti istanbulskoj Op\\u0107ini Beykoz\"}]},{\"@type\":\"Person\",\"@id\":\"https:\/\/osonakas.edu.ba\/#\/schema\/person\/c97d8a9634b11421b1684fd4226ee46d\",\"name\":\"Edin\",\"image\":{\"@type\":\"ImageObject\",\"@id\":\"https:\/\/osonakas.edu.ba\/#personlogo\",\"inLanguage\":\"bs-BA\",\"url\":\"https:\/\/osonakas.edu.ba\/wp-content\/uploads\/2020\/12\/Logo-skole-1-150x150.jpg\",\"contentUrl\":\"https:\/\/osonakas.edu.ba\/wp-content\/uploads\/2020\/12\/Logo-skole-1-150x150.jpg\",\"caption\":\"Edin\"},\"url\":\"https:\/\/osonakas.edu.ba\/?author=2\"}]}<\/script>\n<!-- \/ Yoast SEO plugin. -->","yoast_head_json":{"title":"Delegacija Op\u0107ine Novi Grad Sarajevo sa direktorima \u0161kola u posjeti istanbulskoj Op\u0107ini Beykoz - Osnovna \u0161kola &quot;Osman Naka\u0161&quot;","robots":{"index":"index","follow":"follow","max-snippet":"max-snippet:-1","max-image-preview":"max-image-preview:large","max-video-preview":"max-video-preview:-1"},"canonical":"https:\/\/osonakas.edu.ba\/?p=2479","og_locale":"bs_BA","og_type":"article","og_title":"Delegacija Op\u0107ine Novi Grad Sarajevo sa direktorima \u0161kola u posjeti istanbulskoj Op\u0107ini Beykoz - Osnovna \u0161kola &quot;Osman Naka\u0161&quot;","og_description":"Delegacija Op\u0107ine Novi Grad Sarajevo predvo\u0111ena na\u010delnikom Semirom Efendi\u0107em sa direktorima srednjih i osnovnih \u0161kola sa podru\u010dja ove op\u0107ine, borave u vi\u0161ednevnoj posjeti Op\u0107ini","og_url":"https:\/\/osonakas.edu.ba\/?p=2479","og_site_name":"Osnovna \u0161kola &quot;Osman Naka\u0161&quot;","article_published_time":"2024-01-29T09:09:08+00:00","article_modified_time":"2024-01-29T09:09:45+00:00","og_image":[{"width":1992,"height":1328,"url":"https:\/\/osonakas.edu.ba\/wp-content\/uploads\/2024\/01\/TURSKA-POSJETA-2024.jpg","type":"image\/jpeg"}],"twitter_card":"summary_large_image","twitter_misc":{"Written by":"Edin","Est. reading time":"3 minute"},"schema":{"@context":"https:\/\/schema.org","@graph":[{"@type":"WebSite","@id":"https:\/\/osonakas.edu.ba\/#website","url":"https:\/\/osonakas.edu.ba\/","name":"Osnovna \u0161kola &quot;Osman Naka\u0161&quot;","description":"Ne u\u010dimo za \u0161kolu, nego za \u017eivot.","potentialAction":[{"@type":"SearchAction","target":{"@type":"EntryPoint","urlTemplate":"https:\/\/osonakas.edu.ba\/?s={search_term_string}"},"query-input":"required name=search_term_string"}],"inLanguage":"bs-BA"},{"@type":"ImageObject","@id":"https:\/\/osonakas.edu.ba\/?p=2479#primaryimage","inLanguage":"bs-BA","url":"https:\/\/osonakas.edu.ba\/wp-content\/uploads\/2024\/01\/TURSKA-POSJETA-2024.jpg","contentUrl":"https:\/\/osonakas.edu.ba\/wp-content\/uploads\/2024\/01\/TURSKA-POSJETA-2024.jpg","width":1992,"height":1328},{"@type":"WebPage","@id":"https:\/\/osonakas.edu.ba\/?p=2479#webpage","url":"https:\/\/osonakas.edu.ba\/?p=2479","name":"Delegacija Op\u0107ine Novi Grad Sarajevo sa direktorima \u0161kola u posjeti istanbulskoj Op\u0107ini Beykoz - Osnovna \u0161kola &quot;Osman Naka\u0161&quot;","isPartOf":{"@id":"https:\/\/osonakas.edu.ba\/#website"},"primaryImageOfPage":{"@id":"https:\/\/osonakas.edu.ba\/?p=2479#primaryimage"},"datePublished":"2024-01-29T09:09:08+00:00","dateModified":"2024-01-29T09:09:45+00:00","author":{"@id":"https:\/\/osonakas.edu.ba\/#\/schema\/person\/c97d8a9634b11421b1684fd4226ee46d"},"breadcrumb":{"@id":"https:\/\/osonakas.edu.ba\/?p=2479#breadcrumb"},"inLanguage":"bs-BA","potentialAction":[{"@type":"ReadAction","target":["https:\/\/osonakas.edu.ba\/?p=2479"]}]},{"@type":"BreadcrumbList","@id":"https:\/\/osonakas.edu.ba\/?p=2479#breadcrumb","itemListElement":[{"@type":"ListItem","position":1,"name":"Dom","item":"https:\/\/osonakas.edu.ba\/"},{"@type":"ListItem","position":2,"name":"Delegacija Op\u0107ine Novi Grad Sarajevo sa direktorima \u0161kola u posjeti istanbulskoj Op\u0107ini Beykoz"}]},{"@type":"Person","@id":"https:\/\/osonakas.edu.ba\/#\/schema\/person\/c97d8a9634b11421b1684fd4226ee46d","name":"Edin","image":{"@type":"ImageObject","@id":"https:\/\/osonakas.edu.ba\/#personlogo","inLanguage":"bs-BA","url":"https:\/\/osonakas.edu.ba\/wp-content\/uploads\/2020\/12\/Logo-skole-1-150x150.jpg","contentUrl":"https:\/\/osonakas.edu.ba\/wp-content\/uploads\/2020\/12\/Logo-skole-1-150x150.jpg","caption":"Edin"},"url":"https:\/\/osonakas.edu.ba\/?author=2"}]}},"_links":{"self":[{"href":"https:\/\/osonakas.edu.ba\/index.php?rest_route=\/wp\/v2\/posts\/2479"}],"collection":[{"href":"https:\/\/osonakas.edu.ba\/index.php?rest_route=\/wp\/v2\/posts"}],"about":[{"href":"https:\/\/osonakas.edu.ba\/index.php?rest_route=\/wp\/v2\/types\/post"}],"author":[{"embeddable":true,"href":"https:\/\/osonakas.edu.ba\/index.php?rest_route=\/wp\/v2\/users\/2"}],"replies":[{"embeddable":true,"href":"https:\/\/osonakas.edu.ba\/index.php?rest_route=%2Fwp%2Fv2%2Fcomments&post=2479"}],"version-history":[{"count":1,"href":"https:\/\/osonakas.edu.ba\/index.php?rest_route=\/wp\/v2\/posts\/2479\/revisions"}],"predecessor-version":[{"id":2481,"href":"https:\/\/osonakas.edu.ba\/index.php?rest_route=\/wp\/v2\/posts\/2479\/revisions\/2481"}],"wp:featuredmedia":[{"embeddable":true,"href":"https:\/\/osonakas.edu.ba\/index.php?rest_route=\/wp\/v2\/media\/2480"}],"wp:attachment":[{"href":"https:\/\/osonakas.edu.ba\/index.php?rest_route=%2Fwp%2Fv2%2Fmedia&parent=2479"}],"wp:term":[{"taxonomy":"category","embeddable":true,"href":"https:\/\/osonakas.edu.ba\/index.php?rest_route=%2Fwp%2Fv2%2Fcategories&post=2479"},{"taxonomy":"post_tag","embeddable":true,"href":"https:\/\/osonakas.edu.ba\/index.php?rest_route=%2Fwp%2Fv2%2Ftags&post=2479"}],"curies":[{"name":"wp","href":"https:\/\/api.w.org\/{rel}","templated":true}]}}