{"id":1876,"date":"2023-04-14T09:42:36","date_gmt":"2023-04-14T07:42:36","guid":{"rendered":"https:\/\/osonakas.edu.ba\/?p=1876"},"modified":"2023-04-14T09:43:16","modified_gmt":"2023-04-14T07:43:16","slug":"zahvalnica-vijeca-roditelja","status":"publish","type":"post","link":"https:\/\/osonakas.edu.ba\/?p=1876","title":{"rendered":"Zahvalnica Vije\u0107a roditelja"},"content":{"rendered":"<p>Vije\u0107e roditelja JU O\u0160 \u201eOsman Naka\u0161\u201c\u00a0 na \u010delu sa predsjednikom Adnanom Mu\u0161i\u0107em i predstavnikom Kantonalnog Vije\u0107a roditelja Sanjinom Halvad\u017eijom je u ponedjeljak 10.4.2023. godine, direktoru \u0161kole uru\u010dilo zahvalnicu za sve uposlenike \u0161kole za nesebi\u010dno zalaganje, trud i pru\u017eenu pomo\u0107 djeci-u\u010denicima \u0161kole tokom perioda trajanja COVID-19 pandemije, te izuzetnoj saradnji sa Vije\u0107em roditelja na svim poljima, a sve sa ciljem unapre\u0111enja standarda u odgojno-obrazovnim procesima.<\/p>\n<p>Kolektiv \u0161kole zahvaljuje Vije\u0107u roditelja i ostaje odlu\u010dan da se ovakva saradnja nastavi i u narednim redovnim i vanrednim situacijama koje nam slijede.<\/p>\n<p><img loading=\"lazy\" class=\"aligncenter wp-image-1877 size-large\" src=\"https:\/\/osonakas.edu.ba\/wp-content\/uploads\/2023\/04\/1681457942507-735x1024.jpg\" width=\"640\" height=\"892\" srcset=\"https:\/\/osonakas.edu.ba\/wp-content\/uploads\/2023\/04\/1681457942507-735x1024.jpg 735w, https:\/\/osonakas.edu.ba\/wp-content\/uploads\/2023\/04\/1681457942507-215x300.jpg 215w, https:\/\/osonakas.edu.ba\/wp-content\/uploads\/2023\/04\/1681457942507-768x1070.jpg 768w, https:\/\/osonakas.edu.ba\/wp-content\/uploads\/2023\/04\/1681457942507-1102x1536.jpg 1102w, https:\/\/osonakas.edu.ba\/wp-content\/uploads\/2023\/04\/1681457942507-1470x2048.jpg 1470w, https:\/\/osonakas.edu.ba\/wp-content\/uploads\/2023\/04\/1681457942507-scaled.jpg 1837w\" sizes=\"(max-width: 640px) 100vw, 640px\" \/><\/p>\n","protected":false},"excerpt":{"rendered":"<p>Vije\u0107e roditelja JU O\u0160 \u201eOsman Naka\u0161\u201c\u00a0 na \u010delu sa predsjednikom Adnanom Mu\u0161i\u0107em i predstavnikom Kantonalnog Vije\u0107a roditelja Sanjinom Halvad\u017eijom je u ponedjeljak 10.4.2023. godine,<\/p>\n","protected":false},"author":2,"featured_media":1878,"comment_status":"closed","ping_status":"closed","sticky":false,"template":"","format":"standard","meta":[],"categories":[1],"tags":[],"yoast_head":"<!-- This site is optimized with the Yoast SEO plugin v17.3 - https:\/\/yoast.com\/wordpress\/plugins\/seo\/ -->\n<title>Zahvalnica Vije\u0107a roditelja - Osnovna \u0161kola &quot;Osman Naka\u0161&quot;<\/title>\n<meta name=\"robots\" content=\"index, follow, max-snippet:-1, max-image-preview:large, max-video-preview:-1\" \/>\n<link rel=\"canonical\" href=\"https:\/\/osonakas.edu.ba\/?p=1876\" \/>\n<meta property=\"og:locale\" content=\"bs_BA\" \/>\n<meta property=\"og:type\" content=\"article\" \/>\n<meta property=\"og:title\" content=\"Zahvalnica Vije\u0107a roditelja - Osnovna \u0161kola &quot;Osman Naka\u0161&quot;\" \/>\n<meta property=\"og:description\" content=\"Vije\u0107e roditelja JU O\u0160 \u201eOsman Naka\u0161\u201c\u00a0 na \u010delu sa predsjednikom Adnanom Mu\u0161i\u0107em i predstavnikom Kantonalnog Vije\u0107a roditelja Sanjinom Halvad\u017eijom je u ponedjeljak 10.4.2023. godine,\" \/>\n<meta property=\"og:url\" content=\"https:\/\/osonakas.edu.ba\/?p=1876\" \/>\n<meta property=\"og:site_name\" content=\"Osnovna \u0161kola &quot;Osman Naka\u0161&quot;\" \/>\n<meta property=\"article:published_time\" content=\"2023-04-14T07:42:36+00:00\" \/>\n<meta property=\"article:modified_time\" content=\"2023-04-14T07:43:16+00:00\" \/>\n<meta property=\"og:image\" content=\"https:\/\/osonakas.edu.ba\/wp-content\/uploads\/2023\/04\/1681457826096.jpg\" \/>\n\t<meta property=\"og:image:width\" content=\"639\" \/>\n\t<meta property=\"og:image:height\" content=\"631\" \/>\n<meta name=\"twitter:card\" content=\"summary_large_image\" \/>\n<meta name=\"twitter:label1\" content=\"Written by\" \/>\n\t<meta name=\"twitter:data1\" content=\"Edin\" \/>\n\t<meta name=\"twitter:label2\" content=\"Est. reading time\" \/>\n\t<meta name=\"twitter:data2\" content=\"1 minuta\" \/>\n<script type=\"application\/ld+json\" class=\"yoast-schema-graph\">{\"@context\":\"https:\/\/schema.org\",\"@graph\":[{\"@type\":\"WebSite\",\"@id\":\"https:\/\/osonakas.edu.ba\/#website\",\"url\":\"https:\/\/osonakas.edu.ba\/\",\"name\":\"Osnovna \\u0161kola &quot;Osman Naka\\u0161&quot;\",\"description\":\"Ne u\\u010dimo za \\u0161kolu, nego za \\u017eivot.\",\"potentialAction\":[{\"@type\":\"SearchAction\",\"target\":{\"@type\":\"EntryPoint\",\"urlTemplate\":\"https:\/\/osonakas.edu.ba\/?s={search_term_string}\"},\"query-input\":\"required name=search_term_string\"}],\"inLanguage\":\"bs-BA\"},{\"@type\":\"ImageObject\",\"@id\":\"https:\/\/osonakas.edu.ba\/?p=1876#primaryimage\",\"inLanguage\":\"bs-BA\",\"url\":\"https:\/\/osonakas.edu.ba\/wp-content\/uploads\/2023\/04\/1681457826096.jpg\",\"contentUrl\":\"https:\/\/osonakas.edu.ba\/wp-content\/uploads\/2023\/04\/1681457826096.jpg\",\"width\":639,\"height\":631},{\"@type\":\"WebPage\",\"@id\":\"https:\/\/osonakas.edu.ba\/?p=1876#webpage\",\"url\":\"https:\/\/osonakas.edu.ba\/?p=1876\",\"name\":\"Zahvalnica Vije\\u0107a roditelja - Osnovna \\u0161kola &quot;Osman Naka\\u0161&quot;\",\"isPartOf\":{\"@id\":\"https:\/\/osonakas.edu.ba\/#website\"},\"primaryImageOfPage\":{\"@id\":\"https:\/\/osonakas.edu.ba\/?p=1876#primaryimage\"},\"datePublished\":\"2023-04-14T07:42:36+00:00\",\"dateModified\":\"2023-04-14T07:43:16+00:00\",\"author\":{\"@id\":\"https:\/\/osonakas.edu.ba\/#\/schema\/person\/c97d8a9634b11421b1684fd4226ee46d\"},\"breadcrumb\":{\"@id\":\"https:\/\/osonakas.edu.ba\/?p=1876#breadcrumb\"},\"inLanguage\":\"bs-BA\",\"potentialAction\":[{\"@type\":\"ReadAction\",\"target\":[\"https:\/\/osonakas.edu.ba\/?p=1876\"]}]},{\"@type\":\"BreadcrumbList\",\"@id\":\"https:\/\/osonakas.edu.ba\/?p=1876#breadcrumb\",\"itemListElement\":[{\"@type\":\"ListItem\",\"position\":1,\"name\":\"Dom\",\"item\":\"https:\/\/osonakas.edu.ba\/\"},{\"@type\":\"ListItem\",\"position\":2,\"name\":\"Zahvalnica Vije\\u0107a roditelja\"}]},{\"@type\":\"Person\",\"@id\":\"https:\/\/osonakas.edu.ba\/#\/schema\/person\/c97d8a9634b11421b1684fd4226ee46d\",\"name\":\"Edin\",\"image\":{\"@type\":\"ImageObject\",\"@id\":\"https:\/\/osonakas.edu.ba\/#personlogo\",\"inLanguage\":\"bs-BA\",\"url\":\"https:\/\/osonakas.edu.ba\/wp-content\/uploads\/2020\/12\/Logo-skole-1-150x150.jpg\",\"contentUrl\":\"https:\/\/osonakas.edu.ba\/wp-content\/uploads\/2020\/12\/Logo-skole-1-150x150.jpg\",\"caption\":\"Edin\"},\"url\":\"https:\/\/osonakas.edu.ba\/?author=2\"}]}<\/script>\n<!-- \/ Yoast SEO plugin. -->","yoast_head_json":{"title":"Zahvalnica Vije\u0107a roditelja - Osnovna \u0161kola &quot;Osman Naka\u0161&quot;","robots":{"index":"index","follow":"follow","max-snippet":"max-snippet:-1","max-image-preview":"max-image-preview:large","max-video-preview":"max-video-preview:-1"},"canonical":"https:\/\/osonakas.edu.ba\/?p=1876","og_locale":"bs_BA","og_type":"article","og_title":"Zahvalnica Vije\u0107a roditelja - Osnovna \u0161kola &quot;Osman Naka\u0161&quot;","og_description":"Vije\u0107e roditelja JU O\u0160 \u201eOsman Naka\u0161\u201c\u00a0 na \u010delu sa predsjednikom Adnanom Mu\u0161i\u0107em i predstavnikom Kantonalnog Vije\u0107a roditelja Sanjinom Halvad\u017eijom je u ponedjeljak 10.4.2023. godine,","og_url":"https:\/\/osonakas.edu.ba\/?p=1876","og_site_name":"Osnovna \u0161kola &quot;Osman Naka\u0161&quot;","article_published_time":"2023-04-14T07:42:36+00:00","article_modified_time":"2023-04-14T07:43:16+00:00","og_image":[{"width":639,"height":631,"url":"https:\/\/osonakas.edu.ba\/wp-content\/uploads\/2023\/04\/1681457826096.jpg","type":"image\/jpeg"}],"twitter_card":"summary_large_image","twitter_misc":{"Written by":"Edin","Est. reading time":"1 minuta"},"schema":{"@context":"https:\/\/schema.org","@graph":[{"@type":"WebSite","@id":"https:\/\/osonakas.edu.ba\/#website","url":"https:\/\/osonakas.edu.ba\/","name":"Osnovna \u0161kola &quot;Osman Naka\u0161&quot;","description":"Ne u\u010dimo za \u0161kolu, nego za \u017eivot.","potentialAction":[{"@type":"SearchAction","target":{"@type":"EntryPoint","urlTemplate":"https:\/\/osonakas.edu.ba\/?s={search_term_string}"},"query-input":"required name=search_term_string"}],"inLanguage":"bs-BA"},{"@type":"ImageObject","@id":"https:\/\/osonakas.edu.ba\/?p=1876#primaryimage","inLanguage":"bs-BA","url":"https:\/\/osonakas.edu.ba\/wp-content\/uploads\/2023\/04\/1681457826096.jpg","contentUrl":"https:\/\/osonakas.edu.ba\/wp-content\/uploads\/2023\/04\/1681457826096.jpg","width":639,"height":631},{"@type":"WebPage","@id":"https:\/\/osonakas.edu.ba\/?p=1876#webpage","url":"https:\/\/osonakas.edu.ba\/?p=1876","name":"Zahvalnica Vije\u0107a roditelja - Osnovna \u0161kola &quot;Osman Naka\u0161&quot;","isPartOf":{"@id":"https:\/\/osonakas.edu.ba\/#website"},"primaryImageOfPage":{"@id":"https:\/\/osonakas.edu.ba\/?p=1876#primaryimage"},"datePublished":"2023-04-14T07:42:36+00:00","dateModified":"2023-04-14T07:43:16+00:00","author":{"@id":"https:\/\/osonakas.edu.ba\/#\/schema\/person\/c97d8a9634b11421b1684fd4226ee46d"},"breadcrumb":{"@id":"https:\/\/osonakas.edu.ba\/?p=1876#breadcrumb"},"inLanguage":"bs-BA","potentialAction":[{"@type":"ReadAction","target":["https:\/\/osonakas.edu.ba\/?p=1876"]}]},{"@type":"BreadcrumbList","@id":"https:\/\/osonakas.edu.ba\/?p=1876#breadcrumb","itemListElement":[{"@type":"ListItem","position":1,"name":"Dom","item":"https:\/\/osonakas.edu.ba\/"},{"@type":"ListItem","position":2,"name":"Zahvalnica Vije\u0107a roditelja"}]},{"@type":"Person","@id":"https:\/\/osonakas.edu.ba\/#\/schema\/person\/c97d8a9634b11421b1684fd4226ee46d","name":"Edin","image":{"@type":"ImageObject","@id":"https:\/\/osonakas.edu.ba\/#personlogo","inLanguage":"bs-BA","url":"https:\/\/osonakas.edu.ba\/wp-content\/uploads\/2020\/12\/Logo-skole-1-150x150.jpg","contentUrl":"https:\/\/osonakas.edu.ba\/wp-content\/uploads\/2020\/12\/Logo-skole-1-150x150.jpg","caption":"Edin"},"url":"https:\/\/osonakas.edu.ba\/?author=2"}]}},"_links":{"self":[{"href":"https:\/\/osonakas.edu.ba\/index.php?rest_route=\/wp\/v2\/posts\/1876"}],"collection":[{"href":"https:\/\/osonakas.edu.ba\/index.php?rest_route=\/wp\/v2\/posts"}],"about":[{"href":"https:\/\/osonakas.edu.ba\/index.php?rest_route=\/wp\/v2\/types\/post"}],"author":[{"embeddable":true,"href":"https:\/\/osonakas.edu.ba\/index.php?rest_route=\/wp\/v2\/users\/2"}],"replies":[{"embeddable":true,"href":"https:\/\/osonakas.edu.ba\/index.php?rest_route=%2Fwp%2Fv2%2Fcomments&post=1876"}],"version-history":[{"count":2,"href":"https:\/\/osonakas.edu.ba\/index.php?rest_route=\/wp\/v2\/posts\/1876\/revisions"}],"predecessor-version":[{"id":1880,"href":"https:\/\/osonakas.edu.ba\/index.php?rest_route=\/wp\/v2\/posts\/1876\/revisions\/1880"}],"wp:featuredmedia":[{"embeddable":true,"href":"https:\/\/osonakas.edu.ba\/index.php?rest_route=\/wp\/v2\/media\/1878"}],"wp:attachment":[{"href":"https:\/\/osonakas.edu.ba\/index.php?rest_route=%2Fwp%2Fv2%2Fmedia&parent=1876"}],"wp:term":[{"taxonomy":"category","embeddable":true,"href":"https:\/\/osonakas.edu.ba\/index.php?rest_route=%2Fwp%2Fv2%2Fcategories&post=1876"},{"taxonomy":"post_tag","embeddable":true,"href":"https:\/\/osonakas.edu.ba\/index.php?rest_route=%2Fwp%2Fv2%2Ftags&post=1876"}],"curies":[{"name":"wp","href":"https:\/\/api.w.org\/{rel}","templated":true}]}}