{"id":1803,"date":"2023-02-28T12:44:42","date_gmt":"2023-02-28T11:44:42","guid":{"rendered":"https:\/\/osonakas.edu.ba\/?p=1803"},"modified":"2024-10-14T09:54:59","modified_gmt":"2024-10-14T07:54:59","slug":"kulturno-javna-djelatnost-skole-u-i-polugodistu","status":"publish","type":"post","link":"https:\/\/osonakas.edu.ba\/?p=1803","title":{"rendered":"Kulturno-javna djelatnost \u0161kole u I polugodi\u0161tu"},"content":{"rendered":"<p style=\"text-align: center;\"><strong>REALIZOVANI OBLICI SARADNJE\u00a0 SA ZAJEDNICOM, DRUGIM \u0160KOLAMA, INSTITUCIJAMA, NADLE\u017dNOM OP\u0106INSKOM SLU\u017dBOM<\/strong><\/p>\n<p><em>\u00a0\u00a0\u00a0\u00a0\u00a0\u00a0\u00a0\u00a0\u00a0\u00a0\u00a0\u00a0\u00a0\u00a0\u00a0\u00a0\u00a0\u00a0\u00a0\u00a0\u00a0\u00a0\u00a0\u00a0\u00a0\u00a0\u00a0\u00a0\u00a0\u00a0\u00a0\u00a0\u00a0\u00a0\u00a0\u00a0\u00a0\u00a0\u00a0\u00a0\u00a0\u00a0\u00a0\u00a0\u00a0\u00a0\u00a0\u00a0\u00a0\u00a0\u00a0\u00a0\u00a0\u00a0\u00a0\u00a0\u00a0\u00a0\u00a0\u00a0\u00a0\u00a0\u00a0\u00a0\u00a0\u00a0\u00a0\u00a0\u00a0\u00a0\u00a0\u00a0\u00a0\u00a0\u00a0\u00a0\u00a0\u00a0\u00a0\u00a0\u00a0\u00a0\u00a0\u00a0\u00a0\u00a0\u00a0\u00a0\u00a0\u00a0\u00a0\u00a0\u00a0\u00a0\u00a0\u00a0\u00a0\u00a0\u00a0\u00a0\u00a0\u00a0\u00a0\u00a0\u00a0\u00a0\u00a0\u00a0\u00a0\u00a0\u00a0\u00a0\u00a0\u00a0\u00a0\u00a0\u00a0\u00a0\u00a0\u00a0\u00a0\u00a0\u00a0\u00a0\u00a0\u00a0\u00a0\u00a0\u00a0\u00a0\u00a0\u00a0\u00a0\u00a0\u00a0\u00a0\u00a0\u00a0\u00a0\u00a0\u00a0\u00a0\u00a0\u00a0\u00a0\u00a0\u00a0\u00a0 <\/em><\/p>\n<table width=\"681\">\n<tbody>\n<tr>\n<td width=\"193\">NAZIV INSTITUCIJE<\/td>\n<td width=\"230\">NA\u010cIN SARADNJE<\/td>\n<td width=\"258\">SADR\u017dAJ<\/td>\n<\/tr>\n<tr>\n<td width=\"193\">&nbsp;<\/p>\n<p>Op\u0107ina Novi Grad<\/td>\n<td width=\"230\">Prijem prva\u010di\u0107a<\/td>\n<td width=\"258\">Manifestacija \u201cPrva\u010di\u0107i, sretno!\u201d: dodjela \u0161kolskog pribora, ud\u017ebenika i ruksaka<\/p>\n<p>&nbsp;<\/p>\n<p>&nbsp;<\/td>\n<\/tr>\n<tr>\n<td width=\"193\">Institut Yunus Emre<\/td>\n<td width=\"230\">Upoznavanje u\u010denika sa radom Instituta i izu\u010davanjem turskog jezika<\/td>\n<td width=\"258\">Institut Yunus Emre je u\u010denicima koji izu\u010davaju turski jezik poklonio\u00a0ruksake i \u0161kolski pribor.<\/p>\n<p>9.9.2022.<\/td>\n<\/tr>\n<tr>\n<td width=\"193\">Turisti\u010dka agencija Insider Sarajevo i udru\u017eenje Mali\u00a0\u00a0ambasadori<\/p>\n<p>&nbsp;<\/td>\n<td width=\"230\">Posjeta kulturno-historijskih znamenitosti grada Sarajeva<\/td>\n<td width=\"258\">U organizaciji turisti\u010dke agencije Insider Sarajevo i udru\u017eenja Mali<\/p>\n<p>ambasadori, u\u010denici tre\u0107ih razreda, obi\u0161li su kulturno \u2013 historijske znamenitosti<\/p>\n<p>na\u0161eg grada.<\/p>\n<p>&nbsp;<\/p>\n<p>&nbsp;<\/td>\n<\/tr>\n<tr>\n<td width=\"193\">Prva prosvjetna biciklijada<\/td>\n<td width=\"230\">Obilje\u017eavanje Svjetskog dana bez automobila<\/td>\n<td width=\"258\">Povodom Svjetskog dana bez automobila, u Sarajevu je u nedjelju, 18.9.2022.godine odr\u017eana Prva prosvjetna biciklijada. Predstavnici na\u0161e\u00a0\u0161kole su bile nastavnice, Meliha Had\u017eialijagi\u0107, Nada Sokolovi\u0107 i D\u017eejran<\/p>\n<p>Hajdarpa\u0161i\u0107.<\/p>\n<p>&nbsp;<\/td>\n<\/tr>\n<tr>\n<td width=\"193\">Udru\u017eenje \u201eDruga Vite\u0161ka\u201c- Novi Grad Sarajevo<\/p>\n<p>&nbsp;<\/td>\n<td width=\"230\">14. turnir u malom nogometu \u201eMEMORIJAL DRUGA VITE\u0160KA\u201c<\/td>\n<td width=\"258\">Me\u0111u 15 \u0161kola u\u010de\u0161\u0107e su uzeli i u\u010denici sedmog razreda na\u0161e \u0161kole. Ekipa na\u0161e \u0161kole<\/p>\n<p>je osvojila\u00a0 drugo mjesto, dok je za najboljeg golmana turnira progla\u0161en na\u0161 u\u010denik<\/p>\n<p>Mak Adilovi\u0107.<\/p>\n<p>&nbsp;<\/td>\n<\/tr>\n<tr>\n<td width=\"193\">Osma godi\u0161nja konferencija \u202fu Banjoj Luci<\/p>\n<p>&nbsp;<\/td>\n<td width=\"230\">\u201cFamous<\/p>\n<p>female mathematicians 4\u201d<\/td>\n<td width=\"258\">Osmoj godi\u0161njoj konferenciji \u202fu Banja Luci 6. i 7. oktobra<\/p>\n<p>2022.godine.\u202fNada Sokolovi\u0107 je dobila nagradu za nominaciju projekta \u201cFamous<\/p>\n<p>female mathematicians 4\u201d za etwinning evropsku nagradu i odabrana za najboljeg<\/p>\n<p>eTwinning ambasadora u Bosni i Hercegovini za 2021\/2022.godinu.<\/p>\n<p>&nbsp;<\/td>\n<\/tr>\n<tr>\n<td width=\"193\">Turisti\u010dke agencije Insider Sarajevo i Udru\u017eenja Mali<\/p>\n<p>ambasadori<\/td>\n<td width=\"230\">Posjeta<\/td>\n<td width=\"258\">U\u010denici IV1, IV2 i IV3 razreda,\u00a0 su\u00a0 se u obilasku na\u0161eg grada\u00a0 upoznali sa znamenitostima grada, njegovim znamenitim li\u010dnostima, najzna\u010dajnijim gra\u0111evinama, te kulturom uop\u0107e.<\/p>\n<p>&nbsp;<\/td>\n<\/tr>\n<tr>\n<td width=\"193\">Udru\u017eenja ,,Kupujmo i koristimo doma\u0107e \u2013 kvalitetno<\/p>\n<p>proizvedeno u BiH \u201c,<\/td>\n<td width=\"230\">Edukacija u\u010denika o BH. privredi<\/td>\n<td width=\"258\">U organizaciji Udru\u017eenja ,,Kupujmo i koristimo doma\u0107e &#8211; kvalitetno\u00a0proizvedeno u BiH \u201c, a u sklopu programa edukacija u\u010denika o BH. privredi, u\u010denici<\/p>\n<p>tre\u0107eg, petog i sedmog razreda osnovne \u0161kole \u201cOsman Naka\u0161\u201d posjetili su pogone\u00a0firme Spanish Market.<\/p>\n<p>&nbsp;<\/p>\n<p>&nbsp;<\/td>\n<\/tr>\n<tr>\n<td width=\"193\">Srednja zubotehni\u010dka \u0161kola Sarajevo<\/td>\n<td width=\"230\">Za\u0161tita oralnog zdravlja<\/td>\n<td width=\"258\">Edukacija u\u010denika o zna\u010daju o\u010duvanja oralnog zdravlja- interaktivno predavanje za u\u010denike V razreda<\/td>\n<\/tr>\n<tr>\n<td width=\"193\">Op\u0107ina Novi Grad Sarajevo- Dje\u010diji parlament<\/td>\n<td width=\"230\">Obilje\u017eavanje Me\u0111unarodnog dana djeteta<\/td>\n<td width=\"258\">Promocija projektnih aktivnosti Dje\u010dijeg parlamenta Op\u0107ine Novi Grad Sarajevo, a u cilju obilje\u017eavanja 20.11., Me\u0111unarodnog dana djeteta.<\/p>\n<p>&nbsp;<\/td>\n<\/tr>\n<tr>\n<td width=\"193\">Ministarstvo za pred\u0161kolsko, osnovno i srednje obrazovanje i Ministarstvo za visoko obrazovanje KS<\/td>\n<td width=\"230\">Inkluzija je dje\u010dije pravo<\/td>\n<td width=\"258\">Trodnevna konferencija- razmjena iskustava i edukacija asistenata u nastavi, mobilnog stru\u010dnog tima i pedago\u0161ko-psiholo\u0161ke slu\u017ebe \u0161kole<\/td>\n<\/tr>\n<\/tbody>\n<\/table>\n<p style=\"text-align: center;\"><strong>REALIZOVANE JAVNE MANIFESTACIJE &#8211; DRU\u0160TVENA, KULTURNA I SPORTSKA AKTIVNOST U\u010cENIKA I RADNIKA JU O\u0160 \u201eOSMAN NAKA\u0160\u201c SARAJEVO U TOKU POLUGODI\u0160TA \u0160KOLSKE 2022\/2023. GODINE<\/strong><\/p>\n<p>&nbsp;<\/p>\n<p><strong>\u00a0<\/strong><\/p>\n<table width=\"662\">\n<tbody>\n<tr>\n<td width=\"155\">NAZIV MANIFESTACIJE<\/td>\n<td width=\"129\">DATUM<\/td>\n<td width=\"160\">MJESTO<\/p>\n<p>REALIZACIJE<\/td>\n<td width=\"218\">SADR\u017dAJ<\/td>\n<\/tr>\n<tr>\n<td width=\"155\">Prijem prva\u010di\u0107a<\/td>\n<td width=\"129\">1.9.2022.<\/td>\n<td width=\"160\">\u0160kola<\/td>\n<td width=\"218\">Sve\u010dani prijem u\u010denika I razreda<\/td>\n<\/tr>\n<tr>\n<td width=\"155\">Predavanje za u\u010denike od strane Policije u zajednici<\/td>\n<td width=\"129\">14.9.2022.<\/td>\n<td width=\"160\">\u0160kola<\/td>\n<td width=\"218\">U\u010denici VIII-2 prisustvovali predavanju \u201eSigurnost u\u010denika u digitalnom okru\u017eenju\u201c<\/td>\n<\/tr>\n<tr>\n<td width=\"155\">Predavanje za u\u010denike od strane Policije u zajednici<\/td>\n<td width=\"129\">15.9.2022.<\/td>\n<td width=\"160\">\u0160kola<\/td>\n<td width=\"218\">U\u010denici VIII-1 prisustvovali predavanju \u201eSigurnost u\u010denika u digitalnom okru\u017eenju\u201c<\/td>\n<\/tr>\n<tr>\n<td width=\"155\">\u201ePorodi\u010dni dan\u201c<\/td>\n<td width=\"129\">&nbsp;<\/p>\n<p>20.9.2022.<\/p>\n<p>&nbsp;<\/td>\n<td width=\"160\">Bentba\u0161a, Kozja \u0107uprija i Centar \u201cSafet Zajko\u201d.<\/td>\n<td width=\"218\">\u00a0Porodi\u010dni dan, tradicionalno dru\u017eenje u septembru, u\u010denici, roditelji i\u00a0u\u010diteljice IV1, IV2 i IV3, proveli su na Bentba\u0161i, Kozjoj \u0107upriji i Centru \u201cSafet Zajko\u201d.<\/p>\n<p>&nbsp;<\/p>\n<p>&nbsp;<\/td>\n<\/tr>\n<tr>\n<td width=\"155\">Predavanje za u\u010denike od strane Policije u zajednici<\/td>\n<td width=\"129\">22.9.2022.<\/td>\n<td width=\"160\">\u0160kola<\/td>\n<td width=\"218\">U\u010denici I razreda prisustvovali predavanju \u201eSigurnost u\u010denika u saobra\u0107aju\u201c<\/td>\n<\/tr>\n<tr>\n<td width=\"155\">Izlet<\/td>\n<td width=\"129\">27.9.2022.<\/td>\n<td width=\"160\">Posjeta Panonskim<\/p>\n<p>jezerima, Arheolo\u0161kom parku sojeni\u010dko-neolitskog naselja, \u201cKapiji\u201d i ostalim zna\u010dajnim<\/p>\n<p>turisti\u010dkim atrakcijama u Tuzli, kula\u00a0\u00a0\u00a0\u00a0\u00a0\u00a0 Srebrenik i Grada\u010dac,<\/p>\n<p>Kamenim kuglama u blizini Zavidovi\u0107a.<\/p>\n<p>&nbsp;<\/td>\n<td width=\"218\">Realizovan je izlet za u\u010denike VI1, VIII1 i VIII2. \u202fPosjetili su Panonska<\/p>\n<p>jezera, Arheolo\u0161ki park sojeni\u010dko-neolitskog naselja, \u201cKapiju\u201d i ostale zna\u010dajne<\/p>\n<p>turisti\u010dke atrakcije u Tuzli, kulu Srebrenik i Grada\u010dac. U povratku, u\u010denici su bili u<\/p>\n<p>prilici vidjeti i kamene kugle u blizini Zavidovi\u0107a.<\/p>\n<p>&nbsp;<\/td>\n<\/tr>\n<tr>\n<td width=\"155\">Izlet<\/td>\n<td width=\"129\">30.09.2022.<\/td>\n<td width=\"160\">Pazari\u0107 i Planinarski dom Ormanj<\/td>\n<td width=\"218\">U\u010denici IV1,IV2 i IV 3 razreda realizovali su izlet koji je po\u010deo prvom\u00a0vo\u017enjom vozom do Pazari\u0107a i nastavio ka Planinarskom domu Ormanj, sa mnogo\u00a0\u00a0razli\u010ditih sportskih aktivnosti pod stru\u010dnim nadzorom profesionalaca, Emisija RTV\u00a0\u0160kolarac.<\/td>\n<\/tr>\n<tr>\n<td width=\"155\">Emisija na razglasu<\/td>\n<td width=\"129\">5.10. 2022.<\/td>\n<td width=\"160\">\u0160kola<\/td>\n<td width=\"218\">Emisija na razglasu povodom Dana u\u010ditelja. RTV \u0160kolarac.<\/td>\n<\/tr>\n<tr>\n<td width=\"155\">\u201cPrevencija maloljetni\u010dke ovisnosti o lakim drogama\u201d i \u201ePrevencija maloljetni\u010dkog<\/p>\n<p>alkoholizma: misli svojom glavom \u2013 ostani trijezan\u201c.<\/p>\n<p>&nbsp;<\/td>\n<td width=\"129\">13.10.2022.<\/td>\n<td width=\"160\">U prostorijama \u0161kole<\/td>\n<td width=\"218\">U prostorijama \u0161kole, u\u010denici osmog razreda i nastavnici na\u0161e \u0161kole su<\/p>\n<p>imali priliku prisustvovati i aktivno u\u010destvovati u interaktivnom predavanju.<\/p>\n<p>Projekti su realizirani od strane Udru\u017eenja za promociju zdravog psihofizi\u010dkog<\/p>\n<p>razvoja i \u017eivota kroz preventivno djelovanje \u201cSANUS\u201d uz podr\u0161ku Op\u0107ine Novi Grad<\/p>\n<p>Sarajevo i Federalnog ministarstva obrazovanja i nauke.\u201d<\/p>\n<p>&nbsp;<\/td>\n<\/tr>\n<tr>\n<td width=\"155\">Predavanje za u\u010denike od strane Policije u zajednici<\/td>\n<td width=\"129\">13.10.2022.<\/td>\n<td width=\"160\">\u0160kola<\/td>\n<td width=\"218\">U\u010denici VI-2 i VI-3 prisustvovali predavanju \u201ePrevencija maloljetni\u010dke delinkvencije\u201c<\/td>\n<\/tr>\n<tr>\n<td width=\"155\">Predavanje za u\u010denike od strane Policije u zajednici<\/td>\n<td width=\"129\">14.10.2022.<\/td>\n<td width=\"160\">\u0160kola<\/td>\n<td width=\"218\">U\u010denici VI-2 i VI-3 prisustvovali predavanju \u201ePrevencija maloljetni\u010dke delinkvencije\u201c<\/td>\n<\/tr>\n<tr>\n<td width=\"155\">Projekat<\/p>\n<p>\u201dPlaninarske sportske igre za mlade\u201d<\/td>\n<td width=\"129\">19.10.2022.<\/td>\n<td width=\"160\">Planina Igman- Malo polje.<\/p>\n<p>&nbsp;<\/td>\n<td width=\"218\">Planinarska dru\u017eina \u201cOsman Naka\u0161\u201d je bila dio ekipe za podr\u0161ku\u00a0projekta \u201cPlaninarske sportske igre za mlade\u201d i u\u010destvovala na sportskim igrama\u00a0odr\u017eanim na planini Igman- Malo polje.<\/p>\n<p>&nbsp;<\/td>\n<\/tr>\n<tr>\n<td width=\"155\">\u201cPlaninarska<\/p>\n<p>\u0161kola\u201d<\/td>\n<td width=\"129\">29.10.2022.<\/td>\n<td width=\"160\">Babin Do-Javorak-<\/p>\n<p>Lisi\u010dja Glava (Bjela\u0161nica)<\/td>\n<td width=\"218\">Planinarska dru\u017eina \u201cOsman Naka\u0161\u201d, u okviru projekta \u201cPlaninarska<\/p>\n<p>\u0161kola,\u201d je planinarila markiranom planinarskom stazom na relaciji Babin Do-Javorak-<\/p>\n<p>Lisi\u010dja Glava (Bjela\u0161nica).<\/p>\n<p>&nbsp;<\/td>\n<\/tr>\n<tr>\n<td width=\"155\">Posjeta<\/td>\n<td width=\"129\">31.10.2022.<\/td>\n<td width=\"160\">Ba\u0161\u010dar\u0161ija<\/td>\n<td width=\"218\">U okviru realizacije \u010dasova Kulture \u017eivljenja, Dru\u0161tva i DKR-a , u\u010denici<\/p>\n<p>petog i sedmog razreda<\/p>\n<p>(koji poha\u0111aju nastavu DKR-a),\u202f realizirali su posjetu\u00a0Ba\u0161\u010dar\u0161iji. Tom\u202f prilikom u\u010denici su posjetili Gradski muzej grada Sarajeva, Gazi\u00a0Husrev-begovu d\u017eamiju, Muzej Jevreja grada Sarajeva, Katedralu Srca Isusova i<\/p>\n<p>Pavoslavnu Sabornu crkvu. Ovom posjetom u\u010denici su se upoznali sa raznolikom<\/p>\n<p>Kulturnom ba\u0161tinom na\u0161eg grada.<\/p>\n<p>&nbsp;<\/td>\n<\/tr>\n<tr>\n<td width=\"155\">Svjetski dan \u0161tednje<\/td>\n<td width=\"129\">2.11.2022.<\/td>\n<td width=\"160\">Intesa Sanpaolo Banka<\/td>\n<td width=\"218\">Povodom Svjetskog dana \u0161tednje ,u\u010denici V2 razreda na\u0161e \u0161kole su\u00a0posjetili poslovnicu Intesa Sanpaolo Banke na Otoci.<\/p>\n<p>&nbsp;<\/p>\n<p>&nbsp;<\/td>\n<\/tr>\n<tr>\n<td width=\"155\">Dan dr\u017eavnosti Bosne i Hercegovine<\/td>\n<td width=\"129\">4.11.2022.<\/td>\n<td width=\"160\">Tunel spasa-Sarajevo<\/p>\n<p>&nbsp;<\/td>\n<td width=\"218\">Povodom obilje\u017eavanja Dana dr\u017eavnosti Bosne i Hercegovine, u\u010denici IV1, IV2 i IV3 posjetili su Tunel spasa.<\/p>\n<p>&nbsp;<\/td>\n<\/tr>\n<tr>\n<td width=\"155\">Posjeta<\/td>\n<td width=\"129\">10.11.2022.<\/td>\n<td width=\"160\">Zemaljski muzej Sarajevo<\/p>\n<p>&nbsp;<\/td>\n<td width=\"218\">U\u010denici II1, II2 i II3 zajedno sa u\u010diteljicama posjetili su Zemaljski\u00a0muzej u Sarajevu.<\/p>\n<p>&nbsp;<\/td>\n<\/tr>\n<tr>\n<td width=\"155\">&#8220;Dabar informati\u010dar 2022.&#8221;<\/td>\n<td width=\"129\">14.11.2022. -25.11.2022.<\/td>\n<td width=\"160\">\u0160kola<\/td>\n<td width=\"218\">35 u\u010denika V1, \u0161estog i osmog razreda na\u0161e \u0161kole je u\u010destvovalo je\u00a0u me\u0111unarodnom izazovu &#8220;Dabar informati\u010dar 2022&#8221;. Dabar Informati\u010dar namijenjen je\u00a0u\u010denicima osnovnih i srednjih \u0161kola. Cilj izazova je pru\u017eiti znanje i zabavu, a u\u010denici imaju priliku\u00a0pokazati svoje talente. Ovaj izazov pru\u017ea priliku svima za jedan novi susret sa informatikom u\u00a0svakodnevnom \u017eivotu i informatikom kao nau\u010dnom disciplinom.<\/p>\n<p>&nbsp;<\/td>\n<\/tr>\n<tr>\n<td width=\"155\">Me\u0111unarodni dan prava djeteta<\/td>\n<td width=\"129\">18.11.2022.<\/td>\n<td width=\"160\">\u0160kola<\/td>\n<td width=\"218\">Emisija RTV \u0160kolarac, povodom\u00a0 Me\u0111unarodnog dana prava djeteta,<\/p>\n<p>koji je na razli\u010dite na\u010dine obilje\u017een u na\u0161oj \u0161koli.<\/p>\n<p>&nbsp;<\/td>\n<\/tr>\n<tr>\n<td width=\"155\">Posjeta<\/td>\n<td width=\"129\">18.11.2022.<\/td>\n<td width=\"160\">\u201cDom oslobodilaca\u00a0grada Sarajeva\u201d na brdu \u017du\u010d.<\/p>\n<p>&nbsp;<\/td>\n<td width=\"218\">U\u010denici petog razreda na\u0161e \u0161kole, posjetili su \u201cDom oslobodilaca\u00a0grada Sarajeva\u201d na brdu \u017du\u010d u pratnji u\u010diteljica i nastavnika Mahira Zolota.<\/p>\n<p>&nbsp;<\/td>\n<\/tr>\n<tr>\n<td width=\"155\">24. Op\u0107insko takmi\u010denje\u00a0za u\u010denike osnovnih \u0161kola iz programa \u201cUpozoravanje na opasnost od mina\u201d sa\u00a0podru\u010dja Op\u0107ine Novi Grad Sarajevo<\/td>\n<td width=\"129\">19.11.2022.<\/td>\n<td width=\"160\">\u0160kola<\/td>\n<td width=\"218\">U prostorijama na\u0161e \u0161kole , \u202forganizovano je 24. Op\u0107insko takmi\u010denje\u00a0za u\u010denike osnovnih \u0161kola iz programa \u201cUpozoravanje na opasnost od mina\u201d sa\u00a0podru\u010dja Op\u0107ine Novi Grad Sarajevo. U\u010de\u0161\u0107e na takmi\u010denju je uzelo 14 osnovnih\u00a0\u0161kola sa podru\u010dja ove Op\u0107ine. \u202fEkipu na\u0161e \u0161kole su predstavljali u\u010denici sedmog\u00a0razreda u sastavu Ali\u0107 Nusejba, Musli\u0107 Naida i \u0160abanovi\u0107 Jasmin.<\/p>\n<p>&nbsp;<\/p>\n<p>&nbsp;<\/td>\n<\/tr>\n<tr>\n<td width=\"155\">Dan dr\u017eavnosti Bosne i\u00a0Hercegovine<\/td>\n<td width=\"129\">24.11.2022.<\/td>\n<td width=\"160\">\u0160kola<\/td>\n<td width=\"218\">U\u010denici i uposlenici na\u0161e \u0161kole, proslavili su Dan dr\u017eavnosti Bosne i\u00a0Hercegovine, aktivnostima kroz sekcije, na \u010dasovima Odjeljenske zajednice,\u00a0prezentacijama, historijskim \u010dasom, te izlo\u017ebama u \u0161kolskom holu.<\/p>\n<p>Sve aktivnosti su krunisane zavr\u0161nom priredbom za u\u010denike i roditelje, gdje su na kreativan na\u010din pokazali ljubav prema na\u0161oj domovini. Emisija RTV \u0160kolarac.<\/td>\n<\/tr>\n<tr>\n<td width=\"155\">Udru\u017eenje &#8220;Ruku na srce&#8221;<\/td>\n<td width=\"129\">8.12.2022.<\/td>\n<td width=\"160\">\u0160kola<\/td>\n<td width=\"218\">III3 je u\u010destvovao u humanitarnoj akciji &#8220;Nijedno dijete bez paketi\u0107a&#8221;<\/p>\n<p>organizovanoj od strane Udru\u017eenja &#8220;Ruku na srce&#8221;.<\/p>\n<p>Napravljeno je 19 paketi\u0107a.<\/p>\n<p>&nbsp;<\/p>\n<p>&nbsp;<\/td>\n<\/tr>\n<tr>\n<td width=\"155\">Predavanje<\/p>\n<p>Policiji u zajednici<\/td>\n<td width=\"129\">8.12.2022.<\/td>\n<td width=\"160\">\u0160kola<\/td>\n<td width=\"218\">U\u010denici VIII-1 prezentirali uradak Policiji u zajednici o sigurnosti u\u010denika u online svijetu i za\u0161titi sebe u cyber prostoru<\/td>\n<\/tr>\n<tr>\n<td width=\"155\">Predavanje za u\u010denike od strane Softi\u0107 Damira<\/td>\n<td width=\"129\">9.12.2022.<\/td>\n<td width=\"160\">\u0160kola<\/td>\n<td width=\"218\">U\u010denici VII-1 i VII-2 prisustvovali predavanju \u201eCyber sigurnost\u201c<\/td>\n<\/tr>\n<tr>\n<td width=\"155\">Edukacije za roditelje u\u010denika na\u00a0\u00a0temu\u202f\u201cDigitalni medij i odgoj djeteta- za\u0161tita u\u010denika u digitalnom okru\u017eenju\u201d<\/td>\n<td width=\"129\">12.12. &#8211; 15.12. 2022.<\/td>\n<td width=\"160\">\u0160kola<\/td>\n<td width=\"218\">Realizovana je edukacije za roditelje u\u010denika na<\/p>\n<p>temu\u202f\u201cDigitalni medij i odgoj djeteta- za\u0161tita u\u010denika u digitalnom okru\u017eenju\u201d, a<\/p>\n<p>prema\u202f Pravilniku o izmjenama i dopunama Pravilnika o na\u010dinu i obliku provo\u0111enja<\/p>\n<p>odgojno-obrazovne podr\u0161ke i stru\u010dnog tretmana<\/p>\n<p>&nbsp;<\/td>\n<\/tr>\n<tr>\n<td width=\"155\">Posjeta<\/td>\n<td width=\"129\">13.12.2022.<\/td>\n<td width=\"160\">CineStar-Sarajevo<\/td>\n<td width=\"218\">U\u010denici IV1, IV2 i IV3 razreda, posjetili su CineStar i u\u017eivali u filmu Ma\u010dak u \u010dizmama<\/td>\n<\/tr>\n<tr>\n<td width=\"155\">Posjeta<\/td>\n<td width=\"129\">13.12.2022.<\/td>\n<td width=\"160\">Pozori\u0161te SARTR<\/td>\n<td width=\"218\">\u010clanovi sekcije Mladi geografi i u\u010denici VIII razreda su posjetili pozori\u0161te SARTR i pogledali predstavu Jedvanosimsoboakalomistobo<\/td>\n<\/tr>\n<tr>\n<td width=\"155\">Predavanje za u\u010denike od strane Policije u zajednici<\/td>\n<td width=\"129\">16.12.2022.<\/td>\n<td width=\"160\">\u0160kola<\/td>\n<td width=\"218\">U\u010denici koji poha\u0111aju produ\u017eeni boravak prisustvovali interaktivnom predavanju od strane Policije u zajednici na temu \u201ePrevencija nepo\u017eeljnih oblika pona\u0161anja kod u\u010denika\u201c<\/td>\n<\/tr>\n<tr>\n<td width=\"155\">\u201cSlatki\u0161 za svako dijete\u201d<\/td>\n<td width=\"129\">20.12.2022.<\/td>\n<td width=\"160\">Pomozi.ba.<\/p>\n<p>&nbsp;<\/td>\n<td width=\"218\">\u201cSlatki\u0161 za svako dijete\u201d je humanitarna akcija koju su organizovali<\/p>\n<p>u\u010denici IV 1, IV 2, VII 1 i VII 2, na\u0161e \u0161kole. Pakete su proslijedili Udru\u017eenju<\/p>\n<p>Pomozi.ba.<\/p>\n<p>&nbsp;<\/td>\n<\/tr>\n<tr>\n<td width=\"155\">Posjeta<\/td>\n<td width=\"129\">24.12.2022.<\/td>\n<td width=\"160\">\u201cMore nade\u201d Centra \u201cVladimir Nazor.\u201d<\/p>\n<p>&nbsp;<\/td>\n<td width=\"218\">Posjeta u\u010denika VI-2 i VI- 3 odjeljenja pred\u0161kolskom odjeljenju \u201cMore\u00a0nade\u201d Centra \u201cVladimir Nazor.\u201d<\/p>\n<p>&nbsp;<\/td>\n<\/tr>\n<tr>\n<td width=\"155\">Dan dje\u010dije radosti<\/td>\n<td width=\"129\">28.12.2022.<\/td>\n<td width=\"160\">\u0160kola<\/td>\n<td width=\"218\">Povodom Dana dje\u010dije radosti, roditelji i u\u010denici III3, realizovali su kreativnu radionicu.<\/td>\n<\/tr>\n<tr>\n<td width=\"155\">Novogodi\u0161nja priredba i podjela paketi\u0107a<\/p>\n<p>&nbsp;<\/td>\n<td width=\"129\">28.12.2022.<\/td>\n<td width=\"160\">\u0160kola<\/td>\n<td width=\"218\">Novogodi\u0161nja priredba i podjela paketi\u0107a za u\u010denike I, II i III razreda,<\/p>\n<p>Emisija RTV \u0160kolarac.<\/p>\n<p>&nbsp;<\/td>\n<\/tr>\n<tr>\n<td width=\"155\">Predavanje za u\u010denike<\/td>\n<td width=\"129\">29.12.2022.<\/td>\n<td width=\"160\">\u0160kola<\/td>\n<td width=\"218\">Predavanje za u\u010denike od strane psihologa Zavoda za bolesti ovisnosti KS, g-dina Mahira Osmanspahi\u0107 u odjeljenjima VII-2 i IX-1, a povodom prevencije kori\u0161tenja SNUS-a, gdje se i pojavio<\/td>\n<\/tr>\n<\/tbody>\n<\/table>\n","protected":false},"excerpt":{"rendered":"<p>REALIZOVANI OBLICI SARADNJE\u00a0 SA ZAJEDNICOM, DRUGIM \u0160KOLAMA, INSTITUCIJAMA, NADLE\u017dNOM OP\u0106INSKOM SLU\u017dBOM \u00a0\u00a0\u00a0\u00a0\u00a0\u00a0\u00a0\u00a0\u00a0\u00a0\u00a0\u00a0\u00a0\u00a0\u00a0\u00a0\u00a0\u00a0\u00a0\u00a0\u00a0\u00a0\u00a0\u00a0\u00a0\u00a0\u00a0\u00a0\u00a0\u00a0\u00a0\u00a0\u00a0\u00a0\u00a0\u00a0\u00a0\u00a0\u00a0\u00a0\u00a0\u00a0\u00a0\u00a0\u00a0\u00a0\u00a0\u00a0\u00a0\u00a0\u00a0\u00a0\u00a0\u00a0\u00a0\u00a0\u00a0\u00a0\u00a0\u00a0\u00a0\u00a0\u00a0\u00a0\u00a0\u00a0\u00a0\u00a0\u00a0\u00a0\u00a0\u00a0\u00a0\u00a0\u00a0\u00a0\u00a0\u00a0\u00a0\u00a0\u00a0\u00a0\u00a0\u00a0\u00a0\u00a0\u00a0\u00a0\u00a0\u00a0\u00a0\u00a0\u00a0\u00a0\u00a0\u00a0\u00a0\u00a0\u00a0\u00a0\u00a0\u00a0\u00a0\u00a0\u00a0\u00a0\u00a0\u00a0\u00a0\u00a0\u00a0\u00a0\u00a0\u00a0\u00a0\u00a0\u00a0\u00a0\u00a0\u00a0\u00a0\u00a0\u00a0\u00a0\u00a0\u00a0\u00a0\u00a0\u00a0\u00a0\u00a0\u00a0\u00a0\u00a0\u00a0\u00a0\u00a0\u00a0\u00a0\u00a0\u00a0\u00a0\u00a0\u00a0\u00a0\u00a0\u00a0\u00a0 NAZIV INSTITUCIJE NA\u010cIN SARADNJE SADR\u017dAJ &nbsp; Op\u0107ina Novi Grad Prijem prva\u010di\u0107a Manifestacija<\/p>\n","protected":false},"author":2,"featured_media":172,"comment_status":"closed","ping_status":"closed","sticky":false,"template":"","format":"standard","meta":[],"categories":[1],"tags":[],"yoast_head":"<!-- This site is optimized with the Yoast SEO plugin v17.3 - https:\/\/yoast.com\/wordpress\/plugins\/seo\/ -->\n<title>Kulturno-javna djelatnost \u0161kole u I polugodi\u0161tu - Osnovna \u0161kola &quot;Osman Naka\u0161&quot;<\/title>\n<meta name=\"robots\" content=\"index, follow, max-snippet:-1, max-image-preview:large, max-video-preview:-1\" \/>\n<link rel=\"canonical\" href=\"https:\/\/osonakas.edu.ba\/?p=1803\" \/>\n<meta property=\"og:locale\" content=\"bs_BA\" \/>\n<meta property=\"og:type\" content=\"article\" \/>\n<meta property=\"og:title\" content=\"Kulturno-javna djelatnost \u0161kole u I polugodi\u0161tu - Osnovna \u0161kola &quot;Osman Naka\u0161&quot;\" \/>\n<meta property=\"og:description\" content=\"REALIZOVANI OBLICI SARADNJE\u00a0 SA ZAJEDNICOM, DRUGIM \u0160KOLAMA, INSTITUCIJAMA, NADLE\u017dNOM OP\u0106INSKOM SLU\u017dBOM \u00a0\u00a0\u00a0\u00a0\u00a0\u00a0\u00a0\u00a0\u00a0\u00a0\u00a0\u00a0\u00a0\u00a0\u00a0\u00a0\u00a0\u00a0\u00a0\u00a0\u00a0\u00a0\u00a0\u00a0\u00a0\u00a0\u00a0\u00a0\u00a0\u00a0\u00a0\u00a0\u00a0\u00a0\u00a0\u00a0\u00a0\u00a0\u00a0\u00a0\u00a0\u00a0\u00a0\u00a0\u00a0\u00a0\u00a0\u00a0\u00a0\u00a0\u00a0\u00a0\u00a0\u00a0\u00a0\u00a0\u00a0\u00a0\u00a0\u00a0\u00a0\u00a0\u00a0\u00a0\u00a0\u00a0\u00a0\u00a0\u00a0\u00a0\u00a0\u00a0\u00a0\u00a0\u00a0\u00a0\u00a0\u00a0\u00a0\u00a0\u00a0\u00a0\u00a0\u00a0\u00a0\u00a0\u00a0\u00a0\u00a0\u00a0\u00a0\u00a0\u00a0\u00a0\u00a0\u00a0\u00a0\u00a0\u00a0\u00a0\u00a0\u00a0\u00a0\u00a0\u00a0\u00a0\u00a0\u00a0\u00a0\u00a0\u00a0\u00a0\u00a0\u00a0\u00a0\u00a0\u00a0\u00a0\u00a0\u00a0\u00a0\u00a0\u00a0\u00a0\u00a0\u00a0\u00a0\u00a0\u00a0\u00a0\u00a0\u00a0\u00a0\u00a0\u00a0\u00a0\u00a0\u00a0\u00a0\u00a0\u00a0\u00a0\u00a0\u00a0\u00a0\u00a0\u00a0\u00a0 NAZIV INSTITUCIJE NA\u010cIN SARADNJE SADR\u017dAJ &nbsp; Op\u0107ina Novi Grad Prijem prva\u010di\u0107a Manifestacija\" \/>\n<meta property=\"og:url\" content=\"https:\/\/osonakas.edu.ba\/?p=1803\" \/>\n<meta property=\"og:site_name\" content=\"Osnovna \u0161kola &quot;Osman Naka\u0161&quot;\" \/>\n<meta property=\"article:published_time\" content=\"2023-02-28T11:44:42+00:00\" \/>\n<meta property=\"article:modified_time\" content=\"2024-10-14T07:54:59+00:00\" \/>\n<meta property=\"og:image\" content=\"https:\/\/osonakas.edu.ba\/wp-content\/uploads\/2020\/12\/OBAVJESTENJA.jpg\" \/>\n\t<meta property=\"og:image:width\" content=\"640\" \/>\n\t<meta property=\"og:image:height\" content=\"399\" \/>\n<meta name=\"twitter:card\" content=\"summary_large_image\" \/>\n<meta name=\"twitter:label1\" content=\"Written by\" \/>\n\t<meta name=\"twitter:data1\" content=\"Edin\" \/>\n\t<meta name=\"twitter:label2\" content=\"Est. reading time\" \/>\n\t<meta name=\"twitter:data2\" content=\"7 minuta\" \/>\n<script type=\"application\/ld+json\" class=\"yoast-schema-graph\">{\"@context\":\"https:\/\/schema.org\",\"@graph\":[{\"@type\":\"WebSite\",\"@id\":\"https:\/\/osonakas.edu.ba\/#website\",\"url\":\"https:\/\/osonakas.edu.ba\/\",\"name\":\"Osnovna \\u0161kola &quot;Osman Naka\\u0161&quot;\",\"description\":\"Ne u\\u010dimo za \\u0161kolu, nego za \\u017eivot.\",\"potentialAction\":[{\"@type\":\"SearchAction\",\"target\":{\"@type\":\"EntryPoint\",\"urlTemplate\":\"https:\/\/osonakas.edu.ba\/?s={search_term_string}\"},\"query-input\":\"required name=search_term_string\"}],\"inLanguage\":\"bs-BA\"},{\"@type\":\"ImageObject\",\"@id\":\"https:\/\/osonakas.edu.ba\/?p=1803#primaryimage\",\"inLanguage\":\"bs-BA\",\"url\":\"https:\/\/osonakas.edu.ba\/wp-content\/uploads\/2020\/12\/OBAVJESTENJA.jpg\",\"contentUrl\":\"https:\/\/osonakas.edu.ba\/wp-content\/uploads\/2020\/12\/OBAVJESTENJA.jpg\",\"width\":640,\"height\":399},{\"@type\":\"WebPage\",\"@id\":\"https:\/\/osonakas.edu.ba\/?p=1803#webpage\",\"url\":\"https:\/\/osonakas.edu.ba\/?p=1803\",\"name\":\"Kulturno-javna djelatnost \\u0161kole u I polugodi\\u0161tu - Osnovna \\u0161kola &quot;Osman Naka\\u0161&quot;\",\"isPartOf\":{\"@id\":\"https:\/\/osonakas.edu.ba\/#website\"},\"primaryImageOfPage\":{\"@id\":\"https:\/\/osonakas.edu.ba\/?p=1803#primaryimage\"},\"datePublished\":\"2023-02-28T11:44:42+00:00\",\"dateModified\":\"2024-10-14T07:54:59+00:00\",\"author\":{\"@id\":\"https:\/\/osonakas.edu.ba\/#\/schema\/person\/c97d8a9634b11421b1684fd4226ee46d\"},\"breadcrumb\":{\"@id\":\"https:\/\/osonakas.edu.ba\/?p=1803#breadcrumb\"},\"inLanguage\":\"bs-BA\",\"potentialAction\":[{\"@type\":\"ReadAction\",\"target\":[\"https:\/\/osonakas.edu.ba\/?p=1803\"]}]},{\"@type\":\"BreadcrumbList\",\"@id\":\"https:\/\/osonakas.edu.ba\/?p=1803#breadcrumb\",\"itemListElement\":[{\"@type\":\"ListItem\",\"position\":1,\"name\":\"Dom\",\"item\":\"https:\/\/osonakas.edu.ba\/\"},{\"@type\":\"ListItem\",\"position\":2,\"name\":\"Kulturno-javna djelatnost \\u0161kole u I polugodi\\u0161tu\"}]},{\"@type\":\"Person\",\"@id\":\"https:\/\/osonakas.edu.ba\/#\/schema\/person\/c97d8a9634b11421b1684fd4226ee46d\",\"name\":\"Edin\",\"image\":{\"@type\":\"ImageObject\",\"@id\":\"https:\/\/osonakas.edu.ba\/#personlogo\",\"inLanguage\":\"bs-BA\",\"url\":\"https:\/\/osonakas.edu.ba\/wp-content\/uploads\/2020\/12\/Logo-skole-1-150x150.jpg\",\"contentUrl\":\"https:\/\/osonakas.edu.ba\/wp-content\/uploads\/2020\/12\/Logo-skole-1-150x150.jpg\",\"caption\":\"Edin\"},\"url\":\"https:\/\/osonakas.edu.ba\/?author=2\"}]}<\/script>\n<!-- \/ Yoast SEO plugin. -->","yoast_head_json":{"title":"Kulturno-javna djelatnost \u0161kole u I polugodi\u0161tu - Osnovna \u0161kola &quot;Osman Naka\u0161&quot;","robots":{"index":"index","follow":"follow","max-snippet":"max-snippet:-1","max-image-preview":"max-image-preview:large","max-video-preview":"max-video-preview:-1"},"canonical":"https:\/\/osonakas.edu.ba\/?p=1803","og_locale":"bs_BA","og_type":"article","og_title":"Kulturno-javna djelatnost \u0161kole u I polugodi\u0161tu - Osnovna \u0161kola &quot;Osman Naka\u0161&quot;","og_description":"REALIZOVANI OBLICI SARADNJE\u00a0 SA ZAJEDNICOM, DRUGIM \u0160KOLAMA, INSTITUCIJAMA, NADLE\u017dNOM OP\u0106INSKOM SLU\u017dBOM \u00a0\u00a0\u00a0\u00a0\u00a0\u00a0\u00a0\u00a0\u00a0\u00a0\u00a0\u00a0\u00a0\u00a0\u00a0\u00a0\u00a0\u00a0\u00a0\u00a0\u00a0\u00a0\u00a0\u00a0\u00a0\u00a0\u00a0\u00a0\u00a0\u00a0\u00a0\u00a0\u00a0\u00a0\u00a0\u00a0\u00a0\u00a0\u00a0\u00a0\u00a0\u00a0\u00a0\u00a0\u00a0\u00a0\u00a0\u00a0\u00a0\u00a0\u00a0\u00a0\u00a0\u00a0\u00a0\u00a0\u00a0\u00a0\u00a0\u00a0\u00a0\u00a0\u00a0\u00a0\u00a0\u00a0\u00a0\u00a0\u00a0\u00a0\u00a0\u00a0\u00a0\u00a0\u00a0\u00a0\u00a0\u00a0\u00a0\u00a0\u00a0\u00a0\u00a0\u00a0\u00a0\u00a0\u00a0\u00a0\u00a0\u00a0\u00a0\u00a0\u00a0\u00a0\u00a0\u00a0\u00a0\u00a0\u00a0\u00a0\u00a0\u00a0\u00a0\u00a0\u00a0\u00a0\u00a0\u00a0\u00a0\u00a0\u00a0\u00a0\u00a0\u00a0\u00a0\u00a0\u00a0\u00a0\u00a0\u00a0\u00a0\u00a0\u00a0\u00a0\u00a0\u00a0\u00a0\u00a0\u00a0\u00a0\u00a0\u00a0\u00a0\u00a0\u00a0\u00a0\u00a0\u00a0\u00a0\u00a0\u00a0\u00a0\u00a0\u00a0\u00a0\u00a0\u00a0\u00a0 NAZIV INSTITUCIJE NA\u010cIN SARADNJE SADR\u017dAJ &nbsp; Op\u0107ina Novi Grad Prijem prva\u010di\u0107a Manifestacija","og_url":"https:\/\/osonakas.edu.ba\/?p=1803","og_site_name":"Osnovna \u0161kola &quot;Osman Naka\u0161&quot;","article_published_time":"2023-02-28T11:44:42+00:00","article_modified_time":"2024-10-14T07:54:59+00:00","og_image":[{"width":640,"height":399,"url":"https:\/\/osonakas.edu.ba\/wp-content\/uploads\/2020\/12\/OBAVJESTENJA.jpg","type":"image\/jpeg"}],"twitter_card":"summary_large_image","twitter_misc":{"Written by":"Edin","Est. reading time":"7 minuta"},"schema":{"@context":"https:\/\/schema.org","@graph":[{"@type":"WebSite","@id":"https:\/\/osonakas.edu.ba\/#website","url":"https:\/\/osonakas.edu.ba\/","name":"Osnovna \u0161kola &quot;Osman Naka\u0161&quot;","description":"Ne u\u010dimo za \u0161kolu, nego za \u017eivot.","potentialAction":[{"@type":"SearchAction","target":{"@type":"EntryPoint","urlTemplate":"https:\/\/osonakas.edu.ba\/?s={search_term_string}"},"query-input":"required name=search_term_string"}],"inLanguage":"bs-BA"},{"@type":"ImageObject","@id":"https:\/\/osonakas.edu.ba\/?p=1803#primaryimage","inLanguage":"bs-BA","url":"https:\/\/osonakas.edu.ba\/wp-content\/uploads\/2020\/12\/OBAVJESTENJA.jpg","contentUrl":"https:\/\/osonakas.edu.ba\/wp-content\/uploads\/2020\/12\/OBAVJESTENJA.jpg","width":640,"height":399},{"@type":"WebPage","@id":"https:\/\/osonakas.edu.ba\/?p=1803#webpage","url":"https:\/\/osonakas.edu.ba\/?p=1803","name":"Kulturno-javna djelatnost \u0161kole u I polugodi\u0161tu - Osnovna \u0161kola &quot;Osman Naka\u0161&quot;","isPartOf":{"@id":"https:\/\/osonakas.edu.ba\/#website"},"primaryImageOfPage":{"@id":"https:\/\/osonakas.edu.ba\/?p=1803#primaryimage"},"datePublished":"2023-02-28T11:44:42+00:00","dateModified":"2024-10-14T07:54:59+00:00","author":{"@id":"https:\/\/osonakas.edu.ba\/#\/schema\/person\/c97d8a9634b11421b1684fd4226ee46d"},"breadcrumb":{"@id":"https:\/\/osonakas.edu.ba\/?p=1803#breadcrumb"},"inLanguage":"bs-BA","potentialAction":[{"@type":"ReadAction","target":["https:\/\/osonakas.edu.ba\/?p=1803"]}]},{"@type":"BreadcrumbList","@id":"https:\/\/osonakas.edu.ba\/?p=1803#breadcrumb","itemListElement":[{"@type":"ListItem","position":1,"name":"Dom","item":"https:\/\/osonakas.edu.ba\/"},{"@type":"ListItem","position":2,"name":"Kulturno-javna djelatnost \u0161kole u I polugodi\u0161tu"}]},{"@type":"Person","@id":"https:\/\/osonakas.edu.ba\/#\/schema\/person\/c97d8a9634b11421b1684fd4226ee46d","name":"Edin","image":{"@type":"ImageObject","@id":"https:\/\/osonakas.edu.ba\/#personlogo","inLanguage":"bs-BA","url":"https:\/\/osonakas.edu.ba\/wp-content\/uploads\/2020\/12\/Logo-skole-1-150x150.jpg","contentUrl":"https:\/\/osonakas.edu.ba\/wp-content\/uploads\/2020\/12\/Logo-skole-1-150x150.jpg","caption":"Edin"},"url":"https:\/\/osonakas.edu.ba\/?author=2"}]}},"_links":{"self":[{"href":"https:\/\/osonakas.edu.ba\/index.php?rest_route=\/wp\/v2\/posts\/1803"}],"collection":[{"href":"https:\/\/osonakas.edu.ba\/index.php?rest_route=\/wp\/v2\/posts"}],"about":[{"href":"https:\/\/osonakas.edu.ba\/index.php?rest_route=\/wp\/v2\/types\/post"}],"author":[{"embeddable":true,"href":"https:\/\/osonakas.edu.ba\/index.php?rest_route=\/wp\/v2\/users\/2"}],"replies":[{"embeddable":true,"href":"https:\/\/osonakas.edu.ba\/index.php?rest_route=%2Fwp%2Fv2%2Fcomments&post=1803"}],"version-history":[{"count":1,"href":"https:\/\/osonakas.edu.ba\/index.php?rest_route=\/wp\/v2\/posts\/1803\/revisions"}],"predecessor-version":[{"id":1804,"href":"https:\/\/osonakas.edu.ba\/index.php?rest_route=\/wp\/v2\/posts\/1803\/revisions\/1804"}],"wp:featuredmedia":[{"embeddable":true,"href":"https:\/\/osonakas.edu.ba\/index.php?rest_route=\/wp\/v2\/media\/172"}],"wp:attachment":[{"href":"https:\/\/osonakas.edu.ba\/index.php?rest_route=%2Fwp%2Fv2%2Fmedia&parent=1803"}],"wp:term":[{"taxonomy":"category","embeddable":true,"href":"https:\/\/osonakas.edu.ba\/index.php?rest_route=%2Fwp%2Fv2%2Fcategories&post=1803"},{"taxonomy":"post_tag","embeddable":true,"href":"https:\/\/osonakas.edu.ba\/index.php?rest_route=%2Fwp%2Fv2%2Ftags&post=1803"}],"curies":[{"name":"wp","href":"https:\/\/api.w.org\/{rel}","templated":true}]}}